{"id":313389,"date":"2023-11-04T10:13:12","date_gmt":"2023-11-04T07:13:12","guid":{"rendered":"https:\/\/sana.sy\/es\/?p=313389"},"modified":"2023-11-04T10:13:12","modified_gmt":"2023-11-04T07:13:12","slug":"la-oms-condena-ataques-de-israel-a-ambulancias-en-gaza","status":"publish","type":"post","link":"https:\/\/archive.sana.sy\/es\/?p=313389","title":{"rendered":"La OMS condena ataques de \u201cIsrael\u201d a ambulancias en Gaza"},"content":{"rendered":"<blockquote><p><span style=\"color: #ff6600;\"><strong>El director de la OMS, Tedros Adhanom, manifest\u00f3 su profunda consternaci\u00f3n por los informes que indican ataques a veh\u00edculos de ambulancia cerca del Hospital Al-Shifa en Gaza, lo que result\u00f3 en p\u00e9rdidas de vidas, heridos y da\u00f1os significativos.<\/strong><\/span><\/p><\/blockquote>\n<p style=\"text-align: justify;\"><span style=\"color: #800000;\"><strong>Ginebra, 3 nov (SANA)<\/strong><\/span> La Organizaci\u00f3n Mundial de la Salud (OMS) expres\u00f3 su fuerte condena a los ataques de \u201cIsrael\u201d contra veh\u00edculos de ambulancia en la Franja de Gaza.<\/p>\n<p style=\"text-align: justify;\">La OMS inst\u00f3 a la protecci\u00f3n constante de pacientes, trabajadores de la salud, instalaciones sanitarias y veh\u00edculos de ambulancia en todo momento.<\/p>\n<p style=\"text-align: justify;\">El director de la OMS, Tedros Adhanom, manifest\u00f3 su profunda consternaci\u00f3n por los informes que indican ataques a veh\u00edculos de ambulancia cerca del Hospital Al-Shifa en Gaza, lo que result\u00f3 en p\u00e9rdidas de vidas, heridos y da\u00f1os significativos.<\/p>\n<p style=\"text-align: justify;\">El Fondo de Poblaci\u00f3n de las Naciones Unidas (UNFPA) tambi\u00e9n conden\u00f3 la agresi\u00f3n israel\u00ed contra ambulancias en la entrada del Hospital Al-Shifa en Gaza, que caus\u00f3 la muerte de muchos palestinos, en su mayor\u00eda ni\u00f1os, mujeres y desplazados que buscaban refugio, as\u00ed como llam\u00f3 a poner fin de inmediato a esta sufrimiento humano.<\/p>\n<p style=\"text-align: justify;\"><em><strong>ah\/fm<\/strong><\/em><\/p>\n","protected":false},"excerpt":{"rendered":"<p>El director de la OMS, Tedros Adhanom, manifest\u00f3 su profunda consternaci\u00f3n por los informes que indican ataques a veh\u00edculos de ambulancia cerca del Hospital Al-Shifa en Gaza, lo que result\u00f3 en p\u00e9rdidas de vidas, heridos y da\u00f1os significativos. Ginebra, 3 nov (SANA) La Organizaci\u00f3n Mundial de la Salud (OMS) expres\u00f3 su fuerte condena a los &hellip;<\/p>\n","protected":false},"author":30,"featured_media":313390,"comment_status":"closed","ping_status":"closed","sticky":false,"template":"","format":"standard","meta":{"footnotes":""},"categories":[597,456,16687,20724,7541],"tags":[],"class_list":["post-313389","post","type-post","status-publish","format-standard","has-post-thumbnail","","category-cinta-de-noticias","category-arabe-internacional-politica","category-internacionales","category-minuto-a-minuto","category-ultimas-noticias"],"_links":{"self":[{"href":"https:\/\/archive.sana.sy\/es\/index.php?rest_route=\/wp\/v2\/posts\/313389"}],"collection":[{"href":"https:\/\/archive.sana.sy\/es\/index.php?rest_route=\/wp\/v2\/posts"}],"about":[{"href":"https:\/\/archive.sana.sy\/es\/index.php?rest_route=\/wp\/v2\/types\/post"}],"author":[{"embeddable":true,"href":"https:\/\/archive.sana.sy\/es\/index.php?rest_route=\/wp\/v2\/users\/30"}],"replies":[{"embeddable":true,"href":"https:\/\/archive.sana.sy\/es\/index.php?rest_route=%2Fwp%2Fv2%2Fcomments&post=313389"}],"version-history":[{"count":1,"href":"https:\/\/archive.sana.sy\/es\/index.php?rest_route=\/wp\/v2\/posts\/313389\/revisions"}],"predecessor-version":[{"id":313391,"href":"https:\/\/archive.sana.sy\/es\/index.php?rest_route=\/wp\/v2\/posts\/313389\/revisions\/313391"}],"wp:featuredmedia":[{"embeddable":true,"href":"https:\/\/archive.sana.sy\/es\/index.php?rest_route=\/wp\/v2\/media\/313390"}],"wp:attachment":[{"href":"https:\/\/archive.sana.sy\/es\/index.php?rest_route=%2Fwp%2Fv2%2Fmedia&parent=313389"}],"wp:term":[{"taxonomy":"category","embeddable":true,"href":"https:\/\/archive.sana.sy\/es\/index.php?rest_route=%2Fwp%2Fv2%2Fcategories&post=313389"},{"taxonomy":"post_tag","embeddable":true,"href":"https:\/\/archive.sana.sy\/es\/index.php?rest_route=%2Fwp%2Fv2%2Ftags&post=313389"}],"curies":[{"name":"wp","href":"https:\/\/api.w.org\/{rel}","templated":true}]}}