{"id":313484,"date":"2023-11-05T11:26:07","date_gmt":"2023-11-05T08:26:07","guid":{"rendered":"https:\/\/sana.sy\/es\/?p=313484"},"modified":"2023-11-05T11:26:07","modified_gmt":"2023-11-05T08:26:07","slug":"miles-reclaman-en-francia-fin-de-la-agresion-israeli-a-gaza","status":"publish","type":"post","link":"https:\/\/archive.sana.sy\/es\/?p=313484","title":{"rendered":"Miles reclaman en Francia fin de la agresi\u00f3n israel\u00ed a Gaza"},"content":{"rendered":"<blockquote>\n<p style=\"text-align: justify;\"><span style=\"color: #800000;\">Las cifras de participantes en las movilizaciones difieren como es usual entre las reportadas por autoridades y por los organizadores, entre ellos fuerzas pol\u00edticas, que incluyeron a los insumisos y los ecologistas, y la Confederaci\u00f3n General del Trabajo (CGT), uno de los sindicatos m\u00e1s importantes del pa\u00eds.<\/span><\/p>\n<\/blockquote>\n<p style=\"text-align: justify;\"><span style=\"color: #800000;\"><strong>Par\u00eds, 5 nov (SANA)<\/strong> <\/span>Miles de personas se manifestaron en Paris, la capital francesa, y en otras ciudades para exigir el fin de los bombardeos israel\u00edes contra la Franja de Gaza, que se cobraron la vida de m\u00e1s de 12 mil mil palestinos.<\/p>\n<p>Las cifras de participantes en las movilizaciones difieren como es usual entre las reportadas por autoridades y por los organizadores, entre ellos fuerzas pol\u00edticas, que incluyeron a los insumisos y los ecologistas, y la Confederaci\u00f3n General del Trabajo (CGT), uno de los sindicatos m\u00e1s importantes del pa\u00eds.<\/p>\n<p style=\"text-align: justify;\">En Par\u00eds, la Prefectura de la Polic\u00eda inform\u00f3 19 mil manifestantes, mientras la CGT cit\u00f3 al menos 60 mil, en una colorida marcha con banderas palestinas, el reclamo de un alto el fuego y la denuncia de los cr\u00edmenes cometidos por Israel en Gaza, territorios que algunos en suelo galo calificaron de \u201cun cementerio de ni\u00f1os\u201d.<\/p>\n<p style=\"text-align: justify;\">La acci\u00f3n en apoyo a los palestinos fue permitida esta vez, despu\u00e9s de que la convocada el pasado s\u00e1bado en Par\u00eds fuese prohibida por la Prefectura, alegando riesgos de orden p\u00fablico.<\/p>\n<p style=\"text-align: justify;\">Entre los participantes en la movilizaci\u00f3n de hoy estuvieron el l\u00edder de La Francia Insumisa, Jean-Luc M\u00e9lenchon, y el secretario general del Partido Socialista, Olivier Faure.<\/p>\n<p style=\"text-align: justify;\"><strong>fm\/ws<\/strong><\/p>\n","protected":false},"excerpt":{"rendered":"<p>Las cifras de participantes en las movilizaciones difieren como es usual entre las reportadas por autoridades y por los organizadores, entre ellos fuerzas pol\u00edticas, que incluyeron a los insumisos y los ecologistas, y la Confederaci\u00f3n General del Trabajo (CGT), uno de los sindicatos m\u00e1s importantes del pa\u00eds. Par\u00eds, 5 nov (SANA) Miles de personas se &hellip;<\/p>\n","protected":false},"author":35,"featured_media":313485,"comment_status":"closed","ping_status":"closed","sticky":false,"template":"","format":"standard","meta":{"footnotes":""},"categories":[597,456,16687,20724,7541],"tags":[],"class_list":["post-313484","post","type-post","status-publish","format-standard","has-post-thumbnail","","category-cinta-de-noticias","category-arabe-internacional-politica","category-internacionales","category-minuto-a-minuto","category-ultimas-noticias"],"_links":{"self":[{"href":"https:\/\/archive.sana.sy\/es\/index.php?rest_route=\/wp\/v2\/posts\/313484"}],"collection":[{"href":"https:\/\/archive.sana.sy\/es\/index.php?rest_route=\/wp\/v2\/posts"}],"about":[{"href":"https:\/\/archive.sana.sy\/es\/index.php?rest_route=\/wp\/v2\/types\/post"}],"author":[{"embeddable":true,"href":"https:\/\/archive.sana.sy\/es\/index.php?rest_route=\/wp\/v2\/users\/35"}],"replies":[{"embeddable":true,"href":"https:\/\/archive.sana.sy\/es\/index.php?rest_route=%2Fwp%2Fv2%2Fcomments&post=313484"}],"version-history":[{"count":1,"href":"https:\/\/archive.sana.sy\/es\/index.php?rest_route=\/wp\/v2\/posts\/313484\/revisions"}],"predecessor-version":[{"id":313486,"href":"https:\/\/archive.sana.sy\/es\/index.php?rest_route=\/wp\/v2\/posts\/313484\/revisions\/313486"}],"wp:featuredmedia":[{"embeddable":true,"href":"https:\/\/archive.sana.sy\/es\/index.php?rest_route=\/wp\/v2\/media\/313485"}],"wp:attachment":[{"href":"https:\/\/archive.sana.sy\/es\/index.php?rest_route=%2Fwp%2Fv2%2Fmedia&parent=313484"}],"wp:term":[{"taxonomy":"category","embeddable":true,"href":"https:\/\/archive.sana.sy\/es\/index.php?rest_route=%2Fwp%2Fv2%2Fcategories&post=313484"},{"taxonomy":"post_tag","embeddable":true,"href":"https:\/\/archive.sana.sy\/es\/index.php?rest_route=%2Fwp%2Fv2%2Ftags&post=313484"}],"curies":[{"name":"wp","href":"https:\/\/api.w.org\/{rel}","templated":true}]}}