{"id":313487,"date":"2023-11-05T11:30:25","date_gmt":"2023-11-05T08:30:25","guid":{"rendered":"https:\/\/sana.sy\/es\/?p=313487"},"modified":"2023-11-05T11:30:25","modified_gmt":"2023-11-05T08:30:25","slug":"asesinato-record-de-periodistas-en-gaza","status":"publish","type":"post","link":"https:\/\/archive.sana.sy\/es\/?p=313487","title":{"rendered":"Asesinato r\u00e9cord de periodistas en Gaza"},"content":{"rendered":"<blockquote>\n<p style=\"text-align: justify;\"><span style=\"color: #800000;\">Con el asesinato de 36 periodistas por la barbarie de &#8220;Israel&#8221; contra Gaza, octubre result\u00f3 el mes m\u00e1s mort\u00edfero para profesionales de la prensa en 30 a\u00f1os, advirti\u00f3 una organizaci\u00f3n con sede en Estados Unidos.<\/span><\/p>\n<\/blockquote>\n<p style=\"text-align: justify;\"><span style=\"color: #800000;\"><strong>Washington, 5 nov (SANA)<\/strong><\/span> Con el asesinato de 36 periodistas por la barbarie de &#8220;Israel&#8221; contra Gaza, octubre result\u00f3 el mes m\u00e1s mort\u00edfero para profesionales de la prensa en 30 a\u00f1os, advirti\u00f3 una organizaci\u00f3n con sede en Estados Unidos.<\/p>\n<p>De la cifra total de muertes registradas por el Comit\u00e9 para la Protecci\u00f3n de Periodistas (CPJ) desde el 7 de octubre, 31 eran periodistas palestinos, cuatro israel\u00edes y uno liban\u00e9s.<\/p>\n<p style=\"text-align: justify;\">El grupo, que comenz\u00f3 su conteo en 1992, document\u00f3 tambi\u00e9n ocho heridos, tres desaparecidos, ocho detenciones y \u00abm\u00faltiples agresiones, amenazas, ciberataques, censura y asesinatos de familiares\u00bb.<\/p>\n<p style=\"text-align: justify;\">Muchos han perdido colegas, familias, apunt\u00f3 el CPJ -ubicado en Nueva York- al alertar que otros \u00abhan huido en busca de seguridad cuando no hay un refugio o una salida seguros\u00bb.<\/p>\n<p style=\"text-align: justify;\">La muerte m\u00e1s reciente en la lista del CPJ es la del corresponsal de la televisi\u00f3n palestina Mohammed Abu Hatab, quien el jueves \u00abmuri\u00f3 junto con 11 miembros de su familia en un ataque a\u00e9reo israel\u00ed contra su casa en Khan Yunis, al sur de la Franja de Gaza.<\/p>\n<p style=\"text-align: justify;\"><strong>fm\/ws<\/strong><\/p>\n","protected":false},"excerpt":{"rendered":"<p>Con el asesinato de 36 periodistas por la barbarie de &#8220;Israel&#8221; contra Gaza, octubre result\u00f3 el mes m\u00e1s mort\u00edfero para profesionales de la prensa en 30 a\u00f1os, advirti\u00f3 una organizaci\u00f3n con sede en Estados Unidos. Washington, 5 nov (SANA) Con el asesinato de 36 periodistas por la barbarie de &#8220;Israel&#8221; contra Gaza, octubre result\u00f3 el &hellip;<\/p>\n","protected":false},"author":35,"featured_media":313488,"comment_status":"closed","ping_status":"closed","sticky":false,"template":"","format":"standard","meta":{"footnotes":""},"categories":[1],"tags":[],"class_list":["post-313487","post","type-post","status-publish","format-standard","has-post-thumbnail","","category-news-not-sorted"],"_links":{"self":[{"href":"https:\/\/archive.sana.sy\/es\/index.php?rest_route=\/wp\/v2\/posts\/313487"}],"collection":[{"href":"https:\/\/archive.sana.sy\/es\/index.php?rest_route=\/wp\/v2\/posts"}],"about":[{"href":"https:\/\/archive.sana.sy\/es\/index.php?rest_route=\/wp\/v2\/types\/post"}],"author":[{"embeddable":true,"href":"https:\/\/archive.sana.sy\/es\/index.php?rest_route=\/wp\/v2\/users\/35"}],"replies":[{"embeddable":true,"href":"https:\/\/archive.sana.sy\/es\/index.php?rest_route=%2Fwp%2Fv2%2Fcomments&post=313487"}],"version-history":[{"count":1,"href":"https:\/\/archive.sana.sy\/es\/index.php?rest_route=\/wp\/v2\/posts\/313487\/revisions"}],"predecessor-version":[{"id":313489,"href":"https:\/\/archive.sana.sy\/es\/index.php?rest_route=\/wp\/v2\/posts\/313487\/revisions\/313489"}],"wp:featuredmedia":[{"embeddable":true,"href":"https:\/\/archive.sana.sy\/es\/index.php?rest_route=\/wp\/v2\/media\/313488"}],"wp:attachment":[{"href":"https:\/\/archive.sana.sy\/es\/index.php?rest_route=%2Fwp%2Fv2%2Fmedia&parent=313487"}],"wp:term":[{"taxonomy":"category","embeddable":true,"href":"https:\/\/archive.sana.sy\/es\/index.php?rest_route=%2Fwp%2Fv2%2Fcategories&post=313487"},{"taxonomy":"post_tag","embeddable":true,"href":"https:\/\/archive.sana.sy\/es\/index.php?rest_route=%2Fwp%2Fv2%2Ftags&post=313487"}],"curies":[{"name":"wp","href":"https:\/\/api.w.org\/{rel}","templated":true}]}}