{"id":313490,"date":"2023-11-05T12:13:43","date_gmt":"2023-11-05T09:13:43","guid":{"rendered":"https:\/\/sana.sy\/es\/?p=313490"},"modified":"2023-11-05T12:14:02","modified_gmt":"2023-11-05T09:14:02","slug":"nuevos-bombardeos-israelies-contra-el-sur-del-libano","status":"publish","type":"post","link":"https:\/\/archive.sana.sy\/es\/?p=313490","title":{"rendered":"Nuevos bombardeos israel\u00edes contra el sur del L\u00edbano"},"content":{"rendered":"<p style=\"text-align: justify;\"><span style=\"color: #800000;\"><strong>Beirut, 5 nov (SANA)<\/strong><\/span>\u00a0 Las fuerzas israel\u00edes volvieron a bombardear este domingo varias aldeas y ciudades del sur del L\u00edbano.<\/p>\n<p style=\"text-align: justify;\">La Agencia Nacional de Noticias Libanesa inform\u00f3 que la artiller\u00eda del ocupante israel\u00ed bombarde\u00f3 las cercan\u00edas de las localidades de Alma al-Shaab, Naqoura y Al-Labouneh en el sur, mientras los aviones de reconocimiento sobrevolaban la ciudad de Tiro.<\/p>\n<p style=\"text-align: justify;\">Asimismo, las localidades de Marwahin, Al-Dhahira y Talbasin fueron objetivos de ataques de artiller\u00eda israel\u00edes.<\/p>\n<p style=\"text-align: justify;\"><strong>ws\/fm<\/strong><\/p>\n","protected":false},"excerpt":{"rendered":"<p>Beirut, 5 nov (SANA)\u00a0 Las fuerzas israel\u00edes volvieron a bombardear este domingo varias aldeas y ciudades del sur del L\u00edbano. La Agencia Nacional de Noticias Libanesa inform\u00f3 que la artiller\u00eda del ocupante israel\u00ed bombarde\u00f3 las cercan\u00edas de las localidades de Alma al-Shaab, Naqoura y Al-Labouneh en el sur, mientras los aviones de reconocimiento sobrevolaban la &hellip;<\/p>\n","protected":false},"author":35,"featured_media":313491,"comment_status":"closed","ping_status":"closed","sticky":false,"template":"","format":"standard","meta":{"footnotes":""},"categories":[597,456,16687,20724,7541],"tags":[],"class_list":["post-313490","post","type-post","status-publish","format-standard","has-post-thumbnail","","category-cinta-de-noticias","category-arabe-internacional-politica","category-internacionales","category-minuto-a-minuto","category-ultimas-noticias"],"_links":{"self":[{"href":"https:\/\/archive.sana.sy\/es\/index.php?rest_route=\/wp\/v2\/posts\/313490"}],"collection":[{"href":"https:\/\/archive.sana.sy\/es\/index.php?rest_route=\/wp\/v2\/posts"}],"about":[{"href":"https:\/\/archive.sana.sy\/es\/index.php?rest_route=\/wp\/v2\/types\/post"}],"author":[{"embeddable":true,"href":"https:\/\/archive.sana.sy\/es\/index.php?rest_route=\/wp\/v2\/users\/35"}],"replies":[{"embeddable":true,"href":"https:\/\/archive.sana.sy\/es\/index.php?rest_route=%2Fwp%2Fv2%2Fcomments&post=313490"}],"version-history":[{"count":2,"href":"https:\/\/archive.sana.sy\/es\/index.php?rest_route=\/wp\/v2\/posts\/313490\/revisions"}],"predecessor-version":[{"id":313493,"href":"https:\/\/archive.sana.sy\/es\/index.php?rest_route=\/wp\/v2\/posts\/313490\/revisions\/313493"}],"wp:featuredmedia":[{"embeddable":true,"href":"https:\/\/archive.sana.sy\/es\/index.php?rest_route=\/wp\/v2\/media\/313491"}],"wp:attachment":[{"href":"https:\/\/archive.sana.sy\/es\/index.php?rest_route=%2Fwp%2Fv2%2Fmedia&parent=313490"}],"wp:term":[{"taxonomy":"category","embeddable":true,"href":"https:\/\/archive.sana.sy\/es\/index.php?rest_route=%2Fwp%2Fv2%2Fcategories&post=313490"},{"taxonomy":"post_tag","embeddable":true,"href":"https:\/\/archive.sana.sy\/es\/index.php?rest_route=%2Fwp%2Fv2%2Ftags&post=313490"}],"curies":[{"name":"wp","href":"https:\/\/api.w.org\/{rel}","templated":true}]}}