{"id":313590,"date":"2023-11-06T13:46:43","date_gmt":"2023-11-06T10:46:43","guid":{"rendered":"https:\/\/sana.sy\/es\/?p=313590"},"modified":"2023-11-06T13:47:12","modified_gmt":"2023-11-06T10:47:12","slug":"continuas-masacres-y-crimenes-atroces-de-israel-en-el-segundo-mes-de-su-agresion-contra-gaza","status":"publish","type":"post","link":"https:\/\/archive.sana.sy\/es\/?p=313590","title":{"rendered":"Contin\u00faas masacres y cr\u00edmenes atroces de &#8220;Israel&#8221; en el segundo mes de su agresi\u00f3n contra Gaza"},"content":{"rendered":"<p style=\"text-align: justify;\"><span style=\"color: #800000;\"><strong>Jerusal\u00e9n ocupada, 6 nov (SANA)<\/strong><\/span>\u00a0 Ataques indiscriminados contra civiles, bombardeos y destrucci\u00f3n de viviendas y hospitales son parte de los cr\u00edmenes y masacres diarios que comete el ej\u00e9rcito israel\u00ed contra los palestinos en la asediada Franja de Gaza.<\/p>\n<p style=\"text-align: justify;\">Seg\u00fan informaron medios palestinos, los aviones de guerra israel\u00edes lanzaron incursiones nocturnas contra la mayor\u00eda de las regiones en Gaza lo que provoc\u00f3 la muerte de m\u00e1s de 60 palestinos y y hubo ndecenas de heridos.<\/p>\n<p style=\"text-align: justify;\">Asimismo, la Fuerza A\u00e9rea israel\u00ed bombarde\u00f3 las cercan\u00edas del Complejo M\u00e9dico Al-Shifa en Gaza y el Hospital Infantil Al-Rantisi en el barrio de Al-Nasr, al oeste del enclave costero.<\/p>\n<p style=\"text-align: justify;\">El ocupante israel\u00ed reconoci\u00f3 que hab\u00eda bombardeado la v\u00edspera 450 objetivos en Gaza.<\/p>\n<p style=\"text-align: justify;\">De acuerdo con los m\u00e1s recientes datos del Ministerio de Salud palestino, el n\u00famero de muertos y desaparecidos en la Franja de Gaza a consecuencia de los bombardeos israel\u00edes aument\u00f3 a m\u00e1s de 12 mil, incluidos al menos cinco mil ni\u00f1os, mientras unos 23 mil resultaron heridos.<\/p>\n<p style=\"text-align: justify;\"><strong>ws\/fm<\/strong><\/p>\n","protected":false},"excerpt":{"rendered":"<p>Jerusal\u00e9n ocupada, 6 nov (SANA)\u00a0 Ataques indiscriminados contra civiles, bombardeos y destrucci\u00f3n de viviendas y hospitales son parte de los cr\u00edmenes y masacres diarios que comete el ej\u00e9rcito israel\u00ed contra los palestinos en la asediada Franja de Gaza. Seg\u00fan informaron medios palestinos, los aviones de guerra israel\u00edes lanzaron incursiones nocturnas contra la mayor\u00eda de las &hellip;<\/p>\n","protected":false},"author":35,"featured_media":313591,"comment_status":"closed","ping_status":"closed","sticky":false,"template":"","format":"standard","meta":{"footnotes":""},"categories":[597,456,16687,20724,7541],"tags":[],"class_list":["post-313590","post","type-post","status-publish","format-standard","has-post-thumbnail","","category-cinta-de-noticias","category-arabe-internacional-politica","category-internacionales","category-minuto-a-minuto","category-ultimas-noticias"],"_links":{"self":[{"href":"https:\/\/archive.sana.sy\/es\/index.php?rest_route=\/wp\/v2\/posts\/313590"}],"collection":[{"href":"https:\/\/archive.sana.sy\/es\/index.php?rest_route=\/wp\/v2\/posts"}],"about":[{"href":"https:\/\/archive.sana.sy\/es\/index.php?rest_route=\/wp\/v2\/types\/post"}],"author":[{"embeddable":true,"href":"https:\/\/archive.sana.sy\/es\/index.php?rest_route=\/wp\/v2\/users\/35"}],"replies":[{"embeddable":true,"href":"https:\/\/archive.sana.sy\/es\/index.php?rest_route=%2Fwp%2Fv2%2Fcomments&post=313590"}],"version-history":[{"count":2,"href":"https:\/\/archive.sana.sy\/es\/index.php?rest_route=\/wp\/v2\/posts\/313590\/revisions"}],"predecessor-version":[{"id":313593,"href":"https:\/\/archive.sana.sy\/es\/index.php?rest_route=\/wp\/v2\/posts\/313590\/revisions\/313593"}],"wp:featuredmedia":[{"embeddable":true,"href":"https:\/\/archive.sana.sy\/es\/index.php?rest_route=\/wp\/v2\/media\/313591"}],"wp:attachment":[{"href":"https:\/\/archive.sana.sy\/es\/index.php?rest_route=%2Fwp%2Fv2%2Fmedia&parent=313590"}],"wp:term":[{"taxonomy":"category","embeddable":true,"href":"https:\/\/archive.sana.sy\/es\/index.php?rest_route=%2Fwp%2Fv2%2Fcategories&post=313590"},{"taxonomy":"post_tag","embeddable":true,"href":"https:\/\/archive.sana.sy\/es\/index.php?rest_route=%2Fwp%2Fv2%2Ftags&post=313590"}],"curies":[{"name":"wp","href":"https:\/\/api.w.org\/{rel}","templated":true}]}}