{"id":313600,"date":"2023-11-06T14:49:11","date_gmt":"2023-11-06T11:49:11","guid":{"rendered":"https:\/\/sana.sy\/es\/?p=313600"},"modified":"2023-11-06T14:49:11","modified_gmt":"2023-11-06T11:49:11","slug":"israel-usa-el-hambre-como-arma-de-guerra-contra-los-palestinos-en-gaza","status":"publish","type":"post","link":"https:\/\/archive.sana.sy\/es\/?p=313600","title":{"rendered":"&#8220;Israel&#8221; usa el hambre como arma de guerra contra los palestinos en Gaza"},"content":{"rendered":"<p style=\"text-align: justify;\"><span style=\"color: #800000;\"><strong>Jerusal\u00e9n ocupada, 6 nov (SANA)<\/strong><\/span> &#8220;Israel&#8221; increment\u00f3 dr\u00e1sticamente su estrategia para causar hambre en la Franja de Gaza en un esfuerzo por profundizar las dif\u00edciles condiciones de vida de los palestinos all\u00ed, que alcanzaron niveles catastr\u00f3ficos, denunci\u00f3 una ONG citada por la agencia Prensa Latina.<\/p>\n<p>Seg\u00fan un comunicado del Monitor Euromediterr\u00e1neo de Derechos Humanos (Euro-Med), \u201cla guerra de hambruna israel\u00ed tom\u00f3 giros muy peligrosos\u201d al cortar todos los suministros de alimentos a la mitad norte del territorio.<\/p>\n<p style=\"text-align: justify;\">Tambi\u00e9n critic\u00f3 \u201cel bombardeo y destrucci\u00f3n de f\u00e1bricas, panader\u00edas, tiendas de alimentos, estaciones de agua y tanques en todo el enclave\u201d.<\/p>\n<p style=\"text-align: justify;\">El Ej\u00e9rcito centr\u00f3 deliberadamente sus ataques en las \u00faltimas horas en generadores el\u00e9ctricos y unidades de energ\u00eda solar, as\u00ed como zonas agr\u00edcolas, subray\u00f3.<\/p>\n<p style=\"text-align: justify;\">Euro-Med advirti\u00f3 de un inminente aumento de muertes infantiles en Gaza si el mundo no act\u00faa r\u00e1pidamente, ante el crecimiento dram\u00e1tico del n\u00famero de ni\u00f1os que necesitan atenci\u00f3n m\u00e9dica debido a la desnutrici\u00f3n aguda.<\/p>\n<p style=\"text-align: justify;\">Record\u00f3 que antes del inicio del conflicto, el 70 por ciento de los ni\u00f1os de la Franja sufr\u00edan diversos problemas de salud, como desnutrici\u00f3n, anemia y debilitamiento de la inmunidad.<\/p>\n<p style=\"text-align: justify;\">Unos 52 mil 500 beb\u00e9s y 55 mil embarazadas en el enclave corren actualmente el riesgo de morir de hambre, deshidrataci\u00f3n y otros peligros para la salud por el hacinamiento, advirti\u00f3.<\/p>\n<p>fm\/ed<\/p>\n","protected":false},"excerpt":{"rendered":"<p>Jerusal\u00e9n ocupada, 6 nov (SANA) &#8220;Israel&#8221; increment\u00f3 dr\u00e1sticamente su estrategia para causar hambre en la Franja de Gaza en un esfuerzo por profundizar las dif\u00edciles condiciones de vida de los palestinos all\u00ed, que alcanzaron niveles catastr\u00f3ficos, denunci\u00f3 una ONG citada por la agencia Prensa Latina. Seg\u00fan un comunicado del Monitor Euromediterr\u00e1neo de Derechos Humanos (Euro-Med), &hellip;<\/p>\n","protected":false},"author":32,"featured_media":313601,"comment_status":"closed","ping_status":"closed","sticky":false,"template":"","format":"standard","meta":{"footnotes":""},"categories":[597,456,20724,583],"tags":[],"class_list":["post-313600","post","type-post","status-publish","format-standard","has-post-thumbnail","","category-cinta-de-noticias","category-arabe-internacional-politica","category-minuto-a-minuto","category-slide"],"_links":{"self":[{"href":"https:\/\/archive.sana.sy\/es\/index.php?rest_route=\/wp\/v2\/posts\/313600"}],"collection":[{"href":"https:\/\/archive.sana.sy\/es\/index.php?rest_route=\/wp\/v2\/posts"}],"about":[{"href":"https:\/\/archive.sana.sy\/es\/index.php?rest_route=\/wp\/v2\/types\/post"}],"author":[{"embeddable":true,"href":"https:\/\/archive.sana.sy\/es\/index.php?rest_route=\/wp\/v2\/users\/32"}],"replies":[{"embeddable":true,"href":"https:\/\/archive.sana.sy\/es\/index.php?rest_route=%2Fwp%2Fv2%2Fcomments&post=313600"}],"version-history":[{"count":1,"href":"https:\/\/archive.sana.sy\/es\/index.php?rest_route=\/wp\/v2\/posts\/313600\/revisions"}],"predecessor-version":[{"id":313602,"href":"https:\/\/archive.sana.sy\/es\/index.php?rest_route=\/wp\/v2\/posts\/313600\/revisions\/313602"}],"wp:featuredmedia":[{"embeddable":true,"href":"https:\/\/archive.sana.sy\/es\/index.php?rest_route=\/wp\/v2\/media\/313601"}],"wp:attachment":[{"href":"https:\/\/archive.sana.sy\/es\/index.php?rest_route=%2Fwp%2Fv2%2Fmedia&parent=313600"}],"wp:term":[{"taxonomy":"category","embeddable":true,"href":"https:\/\/archive.sana.sy\/es\/index.php?rest_route=%2Fwp%2Fv2%2Fcategories&post=313600"},{"taxonomy":"post_tag","embeddable":true,"href":"https:\/\/archive.sana.sy\/es\/index.php?rest_route=%2Fwp%2Fv2%2Ftags&post=313600"}],"curies":[{"name":"wp","href":"https:\/\/api.w.org\/{rel}","templated":true}]}}