{"id":313604,"date":"2023-11-06T15:50:55","date_gmt":"2023-11-06T12:50:55","guid":{"rendered":"https:\/\/sana.sy\/es\/?p=313604"},"modified":"2023-11-06T15:50:55","modified_gmt":"2023-11-06T12:50:55","slug":"israel-toma-como-rehenes-a-mas-de-dos-millones-de-palestinos-en-gaza","status":"publish","type":"post","link":"https:\/\/archive.sana.sy\/es\/?p=313604","title":{"rendered":"\u201cIsrael\u201d toma como rehenes a m\u00e1s de dos millones de palestinos en Gaza"},"content":{"rendered":"<p style=\"text-align: justify;\"><span style=\"color: #800000;\"><strong>Jerusal\u00e9n ocupada, 06 nov (SANA)\u00a0<\/strong><\/span> El Ministerio palestino de Asuntos Exteriores afirm\u00f3 hoy que la credibilidad de la comunidad internacional se enfrenta a una \u00faltima prueba en cuanto a asumir sus responsabilidades para obligar \u201cIsrael\u201d a detener su devastadora guerra en la Franja de Gaza, proteger a los civiles y liberar a m\u00e1s de dos millones de palestinos que mantiene \u201cIsrael\u201d como rehenes en Gaza.<\/p>\n<p style=\"text-align: justify;\">En un comunicado difundido hoy por la agencia Wafa, la Canciller\u00eda lamenta las posiciones de algunos pa\u00edses que hablan del empe\u00f1o por liberar a los detenidos israel\u00edes en Gaza, ignorando la cuesti\u00f3n de la liberaci\u00f3n de 2,3 millones de palestinos secuestrados por el ocupante en este enclave costero.<\/p>\n<p style=\"text-align: justify;\">\u201cIsrael\u201d se venga de los palestinos mediante los bombardeos indiscriminados y devastadores que afectan a todos los lugares de la Franja de Gaza sin excepci\u00f3n, creando un estado de p\u00e1nico y miedo sin precedentes, especialmente entre ni\u00f1os, mujeres y ancianos, afirm\u00f3 el Ministerio.<\/p>\n<p style=\"text-align: justify;\">Denunci\u00f3 que el ocupante est\u00e1 impulsando la poblaci\u00f3n gazat\u00ed a huir desde el norte de la Franja hacia el sur primero, y desde el sur hacia otros pa\u00edses, en una nueva cat\u00e1strofe provocada por \u201cIsrael\u201d ente todo el mundo.<\/p>\n<p style=\"text-align: justify;\">fm\/sm<\/p>\n","protected":false},"excerpt":{"rendered":"<p>Jerusal\u00e9n ocupada, 06 nov (SANA)\u00a0 El Ministerio palestino de Asuntos Exteriores afirm\u00f3 hoy que la credibilidad de la comunidad internacional se enfrenta a una \u00faltima prueba en cuanto a asumir sus responsabilidades para obligar \u201cIsrael\u201d a detener su devastadora guerra en la Franja de Gaza, proteger a los civiles y liberar a m\u00e1s de dos &hellip;<\/p>\n","protected":false},"author":39,"featured_media":313605,"comment_status":"closed","ping_status":"closed","sticky":false,"template":"","format":"standard","meta":{"footnotes":""},"categories":[597,456,16687,20724,7541],"tags":[],"class_list":["post-313604","post","type-post","status-publish","format-standard","has-post-thumbnail","","category-cinta-de-noticias","category-arabe-internacional-politica","category-internacionales","category-minuto-a-minuto","category-ultimas-noticias"],"_links":{"self":[{"href":"https:\/\/archive.sana.sy\/es\/index.php?rest_route=\/wp\/v2\/posts\/313604"}],"collection":[{"href":"https:\/\/archive.sana.sy\/es\/index.php?rest_route=\/wp\/v2\/posts"}],"about":[{"href":"https:\/\/archive.sana.sy\/es\/index.php?rest_route=\/wp\/v2\/types\/post"}],"author":[{"embeddable":true,"href":"https:\/\/archive.sana.sy\/es\/index.php?rest_route=\/wp\/v2\/users\/39"}],"replies":[{"embeddable":true,"href":"https:\/\/archive.sana.sy\/es\/index.php?rest_route=%2Fwp%2Fv2%2Fcomments&post=313604"}],"version-history":[{"count":1,"href":"https:\/\/archive.sana.sy\/es\/index.php?rest_route=\/wp\/v2\/posts\/313604\/revisions"}],"predecessor-version":[{"id":313606,"href":"https:\/\/archive.sana.sy\/es\/index.php?rest_route=\/wp\/v2\/posts\/313604\/revisions\/313606"}],"wp:featuredmedia":[{"embeddable":true,"href":"https:\/\/archive.sana.sy\/es\/index.php?rest_route=\/wp\/v2\/media\/313605"}],"wp:attachment":[{"href":"https:\/\/archive.sana.sy\/es\/index.php?rest_route=%2Fwp%2Fv2%2Fmedia&parent=313604"}],"wp:term":[{"taxonomy":"category","embeddable":true,"href":"https:\/\/archive.sana.sy\/es\/index.php?rest_route=%2Fwp%2Fv2%2Fcategories&post=313604"},{"taxonomy":"post_tag","embeddable":true,"href":"https:\/\/archive.sana.sy\/es\/index.php?rest_route=%2Fwp%2Fv2%2Ftags&post=313604"}],"curies":[{"name":"wp","href":"https:\/\/api.w.org\/{rel}","templated":true}]}}