{"id":313612,"date":"2023-11-06T17:06:08","date_gmt":"2023-11-06T14:06:08","guid":{"rendered":"https:\/\/sana.sy\/es\/?p=313612"},"modified":"2023-11-06T17:06:12","modified_gmt":"2023-11-06T14:06:12","slug":"rusia-destruye-un-almacen-de-drones-terroristas-en-siria","status":"publish","type":"post","link":"https:\/\/archive.sana.sy\/es\/?p=313612","title":{"rendered":"Rusia destruye un almac\u00e9n de drones terroristas en Siria"},"content":{"rendered":"<p style=\"text-align: justify;\"><span style=\"color: #800000;\"><strong>Mosc\u00fa, 06 nov (SANA)<\/strong> <\/span>El Ministerio de Defensa ruso anunci\u00f3 hoy que su Fuerza A\u00e9rea rusa atac\u00f3 un almac\u00e9n de drones pertenecientes a grupos terroristas en la provincia septentrional siria de Idlib.<\/p>\n<p style=\"text-align: justify;\">El subdirector del Centro de Coordinaci\u00f3n Ruso con sede en la base de Hemeimem en la provincia siria de Latakia, Vadim Collet, dijo que un ataque a\u00e9reo en la localidad de Jiftlik-Al-Shaghar dej\u00f3 destruido a un almac\u00e9n de drones.<\/p>\n<p style=\"text-align: justify;\">El oficial militar ruso denunci\u00f3 que aviones de la llamada \u201cCoalici\u00f3n Internacional\u201d liderada por Estados Unidos, siguen creando situaciones peligrosas en el cielo sirio, al realizar vuelos que violan el espacio a\u00e9reo sirio.<\/p>\n<p style=\"text-align: justify;\">Collet explic\u00f3 que durante las \u00faltimas 24 horas, se registraron 10 violaciones en la zona de Al-Tanf por parte de cazas F-15 y F-16 y drones multimisi\u00f3n C-1-QM pertenecientes a la coalici\u00f3n.<\/p>\n<p style=\"text-align: justify;\">fm\/sm<\/p>\n","protected":false},"excerpt":{"rendered":"<p>Mosc\u00fa, 06 nov (SANA) El Ministerio de Defensa ruso anunci\u00f3 hoy que su Fuerza A\u00e9rea rusa atac\u00f3 un almac\u00e9n de drones pertenecientes a grupos terroristas en la provincia septentrional siria de Idlib. El subdirector del Centro de Coordinaci\u00f3n Ruso con sede en la base de Hemeimem en la provincia siria de Latakia, Vadim Collet, dijo &hellip;<\/p>\n","protected":false},"author":39,"featured_media":313613,"comment_status":"closed","ping_status":"closed","sticky":false,"template":"","format":"standard","meta":{"footnotes":""},"categories":[477,597,573,20724,476,7541],"tags":[],"class_list":["post-313612","post","type-post","status-publish","format-standard","has-post-thumbnail","","category-noticias-edulcorantes","category-cinta-de-noticias","category-la-realidad-de-los-acontecimientos-en-siria","category-minuto-a-minuto","category-locales","category-ultimas-noticias"],"_links":{"self":[{"href":"https:\/\/archive.sana.sy\/es\/index.php?rest_route=\/wp\/v2\/posts\/313612"}],"collection":[{"href":"https:\/\/archive.sana.sy\/es\/index.php?rest_route=\/wp\/v2\/posts"}],"about":[{"href":"https:\/\/archive.sana.sy\/es\/index.php?rest_route=\/wp\/v2\/types\/post"}],"author":[{"embeddable":true,"href":"https:\/\/archive.sana.sy\/es\/index.php?rest_route=\/wp\/v2\/users\/39"}],"replies":[{"embeddable":true,"href":"https:\/\/archive.sana.sy\/es\/index.php?rest_route=%2Fwp%2Fv2%2Fcomments&post=313612"}],"version-history":[{"count":1,"href":"https:\/\/archive.sana.sy\/es\/index.php?rest_route=\/wp\/v2\/posts\/313612\/revisions"}],"predecessor-version":[{"id":313614,"href":"https:\/\/archive.sana.sy\/es\/index.php?rest_route=\/wp\/v2\/posts\/313612\/revisions\/313614"}],"wp:featuredmedia":[{"embeddable":true,"href":"https:\/\/archive.sana.sy\/es\/index.php?rest_route=\/wp\/v2\/media\/313613"}],"wp:attachment":[{"href":"https:\/\/archive.sana.sy\/es\/index.php?rest_route=%2Fwp%2Fv2%2Fmedia&parent=313612"}],"wp:term":[{"taxonomy":"category","embeddable":true,"href":"https:\/\/archive.sana.sy\/es\/index.php?rest_route=%2Fwp%2Fv2%2Fcategories&post=313612"},{"taxonomy":"post_tag","embeddable":true,"href":"https:\/\/archive.sana.sy\/es\/index.php?rest_route=%2Fwp%2Fv2%2Ftags&post=313612"}],"curies":[{"name":"wp","href":"https:\/\/api.w.org\/{rel}","templated":true}]}}