{"id":313615,"date":"2023-11-06T20:25:22","date_gmt":"2023-11-06T17:25:22","guid":{"rendered":"https:\/\/sana.sy\/es\/?p=313615"},"modified":"2023-11-06T20:25:22","modified_gmt":"2023-11-06T17:25:22","slug":"los-anglosajones-llevan-a-oriente-medio-al-borde-de-una-gran-guerra-afirma-lavrov","status":"publish","type":"post","link":"https:\/\/archive.sana.sy\/es\/?p=313615","title":{"rendered":"Los anglosajones llevan a Oriente Medio al borde de una gran guerra, afirma Lavrov"},"content":{"rendered":"<p style=\"text-align: justify;\"><span style=\"color: #800000;\"><strong>Mosc\u00fa, 06 nov (SANA)\u00a0<\/strong><\/span> El ministro de Asuntos Exteriores de Rusia, Sergu\u00e9i Lavrov, advirti\u00f3 hoy que los anglosajones llevan a Oriente Medio al borde de una gran guerra, y afirm\u00f3 que los m\u00e9todos de EE.UU. y sus sat\u00e9lites son bien conocidos y consisten en sembrar caos y enemistar a los pueblos.<\/p>\n<p style=\"text-align: justify;\">La p\u00e9rdida o debilitamiento de la institucionalidad es una consecuencia de estas pr\u00e1cticas, denunci\u00f3 el canciller ruso citado por RT, durante su encuentro con los participantes de un &#8216;marat\u00f3n&#8217; educativo para j\u00f3venes en Mosc\u00fa.<\/p>\n<p style=\"text-align: justify;\">Se refiri\u00f3 a otras como &#8220;el auge del terrorismo y del extremismo, los destinos humanos rotos, las familias destruidas, los flujos de millones de refugiados&#8221;. Sin embargo, el jefe de la diplomacia rusa considera que el resurgimiento &#8220;destructivo&#8221; del predominio de Occidente &#8220;est\u00e1 condenado&#8221;.<\/p>\n<p style=\"text-align: justify;\">&#8220;La multipolaridad se hace realidad&#8221; y muchos pol\u00edticos occidentales lo &#8220;reconocen a rega\u00f1adientes&#8221;, a\u00f1adi\u00f3 Lavrov.<\/p>\n<p style=\"text-align: justify;\">El canciller ruso dijo que considera la OTAN como un &#8220;vestigio del pasado&#8221; y record\u00f3 que Occidente inserta elementos adicionales de su infraestructura militar en la regi\u00f3n de Asia Pac\u00edfico.<\/p>\n<p style=\"text-align: justify;\">De esta manera, pronostic\u00f3, la Alianza &#8220;se deslomar\u00e1&#8221;, porque no se puede &#8220;imponer su hegemon\u00eda a todos de forma tan descarada y persistente&#8221; y los tiempos han cambiado.<\/p>\n<p style=\"text-align: justify;\">fm\/sm<\/p>\n","protected":false},"excerpt":{"rendered":"<p>Mosc\u00fa, 06 nov (SANA)\u00a0 El ministro de Asuntos Exteriores de Rusia, Sergu\u00e9i Lavrov, advirti\u00f3 hoy que los anglosajones llevan a Oriente Medio al borde de una gran guerra, y afirm\u00f3 que los m\u00e9todos de EE.UU. y sus sat\u00e9lites son bien conocidos y consisten en sembrar caos y enemistar a los pueblos. La p\u00e9rdida o debilitamiento &hellip;<\/p>\n","protected":false},"author":39,"featured_media":313616,"comment_status":"closed","ping_status":"closed","sticky":false,"template":"","format":"standard","meta":{"footnotes":""},"categories":[597,456,16687,20724,7541],"tags":[],"class_list":["post-313615","post","type-post","status-publish","format-standard","has-post-thumbnail","","category-cinta-de-noticias","category-arabe-internacional-politica","category-internacionales","category-minuto-a-minuto","category-ultimas-noticias"],"_links":{"self":[{"href":"https:\/\/archive.sana.sy\/es\/index.php?rest_route=\/wp\/v2\/posts\/313615"}],"collection":[{"href":"https:\/\/archive.sana.sy\/es\/index.php?rest_route=\/wp\/v2\/posts"}],"about":[{"href":"https:\/\/archive.sana.sy\/es\/index.php?rest_route=\/wp\/v2\/types\/post"}],"author":[{"embeddable":true,"href":"https:\/\/archive.sana.sy\/es\/index.php?rest_route=\/wp\/v2\/users\/39"}],"replies":[{"embeddable":true,"href":"https:\/\/archive.sana.sy\/es\/index.php?rest_route=%2Fwp%2Fv2%2Fcomments&post=313615"}],"version-history":[{"count":1,"href":"https:\/\/archive.sana.sy\/es\/index.php?rest_route=\/wp\/v2\/posts\/313615\/revisions"}],"predecessor-version":[{"id":313617,"href":"https:\/\/archive.sana.sy\/es\/index.php?rest_route=\/wp\/v2\/posts\/313615\/revisions\/313617"}],"wp:featuredmedia":[{"embeddable":true,"href":"https:\/\/archive.sana.sy\/es\/index.php?rest_route=\/wp\/v2\/media\/313616"}],"wp:attachment":[{"href":"https:\/\/archive.sana.sy\/es\/index.php?rest_route=%2Fwp%2Fv2%2Fmedia&parent=313615"}],"wp:term":[{"taxonomy":"category","embeddable":true,"href":"https:\/\/archive.sana.sy\/es\/index.php?rest_route=%2Fwp%2Fv2%2Fcategories&post=313615"},{"taxonomy":"post_tag","embeddable":true,"href":"https:\/\/archive.sana.sy\/es\/index.php?rest_route=%2Fwp%2Fv2%2Ftags&post=313615"}],"curies":[{"name":"wp","href":"https:\/\/api.w.org\/{rel}","templated":true}]}}