{"id":313618,"date":"2023-11-06T20:32:56","date_gmt":"2023-11-06T17:32:56","guid":{"rendered":"https:\/\/sana.sy\/es\/?p=313618"},"modified":"2023-11-06T20:32:56","modified_gmt":"2023-11-06T17:32:56","slug":"sudafrica-retirara-a-todos-sus-diplomaticos-de-israel","status":"publish","type":"post","link":"https:\/\/archive.sana.sy\/es\/?p=313618","title":{"rendered":"Sud\u00e1frica retirar\u00e1 a todos sus diplom\u00e1ticos de &#8220;Israel&#8221;"},"content":{"rendered":"<p style=\"text-align: justify;\"><span style=\"color: #800000;\"><strong>Pretoria, 06 nov (SANA)<\/strong> \u00a0<\/span>El Gobierno de Sud\u00e1frica anunci\u00f3 este lunes que retirar\u00e1 a todos sus diplom\u00e1ticos de &#8220;Israel&#8221;<\/p>\n<p style=\"text-align: justify;\">&#8220;El Gobierno sudafricano ha decidido retirar a todos sus diplom\u00e1ticos de &#8220;Tel Aviv&#8221; para realizar consultas&#8221;, declar\u00f3 la ministra de la Presidencia, Khumbudzo Ntshavheni.<\/p>\n<p style=\"text-align: justify;\">La alta funcionaria, citada por medios locales, se\u00f1al\u00f3 que su pa\u00eds &#8220;est\u00e1 decepcionado por la negativa del Gobierno israel\u00ed a respetar impunemente el derecho internacional y las resoluciones de las Naciones Unidas&#8221;.<\/p>\n<p style=\"text-align: justify;\">Ntshavheni denunci\u00f3 que &#8220;los corredores mediterr\u00e1neos permanecen cerrados debido a los continuos ataques del Gobierno israel\u00ed a la Franja de Gaza&#8221;, y que &#8220;los ataques a\u00e9reos en Gaza y Cisjordania siguen teniendo como objetivo escuelas, hospitales, ambulancias y civiles&#8221;.<\/p>\n<p style=\"text-align: justify;\">fm\/sm<\/p>\n","protected":false},"excerpt":{"rendered":"<p>Pretoria, 06 nov (SANA) \u00a0El Gobierno de Sud\u00e1frica anunci\u00f3 este lunes que retirar\u00e1 a todos sus diplom\u00e1ticos de &#8220;Israel&#8221; &#8220;El Gobierno sudafricano ha decidido retirar a todos sus diplom\u00e1ticos de &#8220;Tel Aviv&#8221; para realizar consultas&#8221;, declar\u00f3 la ministra de la Presidencia, Khumbudzo Ntshavheni. La alta funcionaria, citada por medios locales, se\u00f1al\u00f3 que su pa\u00eds &#8220;est\u00e1 &hellip;<\/p>\n","protected":false},"author":39,"featured_media":313619,"comment_status":"closed","ping_status":"closed","sticky":false,"template":"","format":"standard","meta":{"footnotes":""},"categories":[597,456,16687,20724,7541],"tags":[],"class_list":["post-313618","post","type-post","status-publish","format-standard","has-post-thumbnail","","category-cinta-de-noticias","category-arabe-internacional-politica","category-internacionales","category-minuto-a-minuto","category-ultimas-noticias"],"_links":{"self":[{"href":"https:\/\/archive.sana.sy\/es\/index.php?rest_route=\/wp\/v2\/posts\/313618"}],"collection":[{"href":"https:\/\/archive.sana.sy\/es\/index.php?rest_route=\/wp\/v2\/posts"}],"about":[{"href":"https:\/\/archive.sana.sy\/es\/index.php?rest_route=\/wp\/v2\/types\/post"}],"author":[{"embeddable":true,"href":"https:\/\/archive.sana.sy\/es\/index.php?rest_route=\/wp\/v2\/users\/39"}],"replies":[{"embeddable":true,"href":"https:\/\/archive.sana.sy\/es\/index.php?rest_route=%2Fwp%2Fv2%2Fcomments&post=313618"}],"version-history":[{"count":1,"href":"https:\/\/archive.sana.sy\/es\/index.php?rest_route=\/wp\/v2\/posts\/313618\/revisions"}],"predecessor-version":[{"id":313620,"href":"https:\/\/archive.sana.sy\/es\/index.php?rest_route=\/wp\/v2\/posts\/313618\/revisions\/313620"}],"wp:featuredmedia":[{"embeddable":true,"href":"https:\/\/archive.sana.sy\/es\/index.php?rest_route=\/wp\/v2\/media\/313619"}],"wp:attachment":[{"href":"https:\/\/archive.sana.sy\/es\/index.php?rest_route=%2Fwp%2Fv2%2Fmedia&parent=313618"}],"wp:term":[{"taxonomy":"category","embeddable":true,"href":"https:\/\/archive.sana.sy\/es\/index.php?rest_route=%2Fwp%2Fv2%2Fcategories&post=313618"},{"taxonomy":"post_tag","embeddable":true,"href":"https:\/\/archive.sana.sy\/es\/index.php?rest_route=%2Fwp%2Fv2%2Ftags&post=313618"}],"curies":[{"name":"wp","href":"https:\/\/api.w.org\/{rel}","templated":true}]}}