{"id":313632,"date":"2023-11-07T08:31:51","date_gmt":"2023-11-07T05:31:51","guid":{"rendered":"https:\/\/sana.sy\/es\/?p=313632"},"modified":"2023-11-07T08:31:51","modified_gmt":"2023-11-07T05:31:51","slug":"ministerio-de-salud-palestino-el-numero-de-muertos-en-la-franja-de-gaza-y-cisjordania-ascendio-a-10165-y-el-numero-de-heridos-supero-los-27000","status":"publish","type":"post","link":"https:\/\/archive.sana.sy\/es\/?p=313632","title":{"rendered":"Ministerio de Salud palestino: El n\u00famero de muertos en la Franja de Gaza y Cisjordania ascendi\u00f3 a 10,165, y el n\u00famero de heridos super\u00f3 los 27,000"},"content":{"rendered":"","protected":false},"excerpt":{"rendered":"","protected":false},"author":32,"featured_media":0,"comment_status":"closed","ping_status":"closed","sticky":false,"template":"","format":"standard","meta":{"footnotes":""},"categories":[20724],"tags":[],"class_list":["post-313632","post","type-post","status-publish","format-standard","","category-minuto-a-minuto"],"_links":{"self":[{"href":"https:\/\/archive.sana.sy\/es\/index.php?rest_route=\/wp\/v2\/posts\/313632"}],"collection":[{"href":"https:\/\/archive.sana.sy\/es\/index.php?rest_route=\/wp\/v2\/posts"}],"about":[{"href":"https:\/\/archive.sana.sy\/es\/index.php?rest_route=\/wp\/v2\/types\/post"}],"author":[{"embeddable":true,"href":"https:\/\/archive.sana.sy\/es\/index.php?rest_route=\/wp\/v2\/users\/32"}],"replies":[{"embeddable":true,"href":"https:\/\/archive.sana.sy\/es\/index.php?rest_route=%2Fwp%2Fv2%2Fcomments&post=313632"}],"version-history":[{"count":1,"href":"https:\/\/archive.sana.sy\/es\/index.php?rest_route=\/wp\/v2\/posts\/313632\/revisions"}],"predecessor-version":[{"id":313633,"href":"https:\/\/archive.sana.sy\/es\/index.php?rest_route=\/wp\/v2\/posts\/313632\/revisions\/313633"}],"wp:attachment":[{"href":"https:\/\/archive.sana.sy\/es\/index.php?rest_route=%2Fwp%2Fv2%2Fmedia&parent=313632"}],"wp:term":[{"taxonomy":"category","embeddable":true,"href":"https:\/\/archive.sana.sy\/es\/index.php?rest_route=%2Fwp%2Fv2%2Fcategories&post=313632"},{"taxonomy":"post_tag","embeddable":true,"href":"https:\/\/archive.sana.sy\/es\/index.php?rest_route=%2Fwp%2Fv2%2Ftags&post=313632"}],"curies":[{"name":"wp","href":"https:\/\/api.w.org\/{rel}","templated":true}]}}