{"id":31377,"date":"2015-10-10T19:32:40","date_gmt":"2015-10-10T16:32:40","guid":{"rendered":"http:\/\/sana.sy\/es\/?p=31377"},"modified":"2015-10-10T19:32:40","modified_gmt":"2015-10-10T16:32:40","slug":"atentado-en-ankara-deja-al-menos-86-muertos","status":"publish","type":"post","link":"https:\/\/archive.sana.sy\/es\/?p=31377","title":{"rendered":"Atentado en Ankara deja al menos 86 muertos"},"content":{"rendered":"<p style=\"text-align: justify\"><span style=\"color: #800000\">Ankara, SANA<\/span>&#8211; Dos bombas estallaron en la capital turca y mataron a un total de 86 personas que participaban en una manifestaci\u00f3n por la paz, inform\u00f3 este s\u00e1bado el ministro de Salud de Turqu\u00eda.<\/p>\n<p style=\"text-align: justify\">El ministro Mehmet Muezinoglu dijo que otras 186 personas resultaron heridas en los ataques en Ankara. Precis\u00f3 que 62 personas murieron en el lugar y que otras 24 murieron despu\u00e9s de ser llevadas al hospital, inform\u00f3 AFP.<\/p>\n<p style=\"text-align: justify\">Las explosiones se produjeron con unos minutos de diferencia cerca de la estaci\u00f3n de tren de Ankara antes de la marcha, organizada por el sindicato de trabajadores del sector p\u00fablico turco y otros grupos civiles. La protesta pretend\u00eda pedir el fin de la renovada violencia entre rebeldes curdos y fuerzas de seguridad turcas.<\/p>\n<p style=\"text-align: justify\">No estaba claro si se trataba de atentados suicidas. El ataque se produjo unas semanas antes de las elecciones del 1 de noviembre en Turqu\u00eda.<\/p>\n<p style=\"text-align: justify\">Nadie se adjudic\u00f3 la autor\u00eda del atentado en un primer momento. Las autoridades investigaban el suceso, afirm\u00f3 un miembro del gobierno.<\/p>\n<p style=\"text-align: justify\">&#8220;La cifra de v\u00edctimas es grave&#8221;, dijo Selahatin Demirtas, l\u00edder del partido procurdo turco, cuyos miembros acudieron a la marcha. &#8220;Hay decenas de muertos y cientos de heridos. Algunos de nuestros amigos est\u00e1n en estado serio&#8221;.<\/p>\n<p style=\"text-align: justify\">\nEn julio, un atentado suicida atribuido al grupo Estado Isl\u00e1mico mat\u00f3 a 33 personas en una localidad cerca de la frontera turca con Siria.<\/p>\n<p>M.Miri<\/p>\n","protected":false},"excerpt":{"rendered":"<p>Ankara, SANA&#8211; Dos bombas estallaron en la capital turca y mataron a un total de 86 personas que participaban en una manifestaci\u00f3n por la paz, inform\u00f3 este s\u00e1bado el ministro de Salud de Turqu\u00eda. El ministro Mehmet Muezinoglu dijo que otras 186 personas resultaron heridas en los ataques en Ankara. Precis\u00f3 que 62 personas murieron &hellip;<\/p>\n","protected":false},"author":1,"featured_media":31378,"comment_status":"closed","ping_status":"closed","sticky":false,"template":"","format":"standard","meta":{"footnotes":""},"categories":[456,457,576],"tags":[6982],"class_list":["post-31377","post","type-post","status-publish","format-standard","has-post-thumbnail","","category-arabe-internacional-politica","category-noticias-arabe-internacional-politica","category-noticias-politicas","tag-atentado-en-ankara-deja-al-menos-86-muertos"],"_links":{"self":[{"href":"https:\/\/archive.sana.sy\/es\/index.php?rest_route=\/wp\/v2\/posts\/31377"}],"collection":[{"href":"https:\/\/archive.sana.sy\/es\/index.php?rest_route=\/wp\/v2\/posts"}],"about":[{"href":"https:\/\/archive.sana.sy\/es\/index.php?rest_route=\/wp\/v2\/types\/post"}],"author":[{"embeddable":true,"href":"https:\/\/archive.sana.sy\/es\/index.php?rest_route=\/wp\/v2\/users\/1"}],"replies":[{"embeddable":true,"href":"https:\/\/archive.sana.sy\/es\/index.php?rest_route=%2Fwp%2Fv2%2Fcomments&post=31377"}],"version-history":[{"count":0,"href":"https:\/\/archive.sana.sy\/es\/index.php?rest_route=\/wp\/v2\/posts\/31377\/revisions"}],"wp:featuredmedia":[{"embeddable":true,"href":"https:\/\/archive.sana.sy\/es\/index.php?rest_route=\/wp\/v2\/media\/31378"}],"wp:attachment":[{"href":"https:\/\/archive.sana.sy\/es\/index.php?rest_route=%2Fwp%2Fv2%2Fmedia&parent=31377"}],"wp:term":[{"taxonomy":"category","embeddable":true,"href":"https:\/\/archive.sana.sy\/es\/index.php?rest_route=%2Fwp%2Fv2%2Fcategories&post=31377"},{"taxonomy":"post_tag","embeddable":true,"href":"https:\/\/archive.sana.sy\/es\/index.php?rest_route=%2Fwp%2Fv2%2Ftags&post=31377"}],"curies":[{"name":"wp","href":"https:\/\/api.w.org\/{rel}","templated":true}]}}