{"id":31387,"date":"2015-10-10T20:22:06","date_gmt":"2015-10-10T17:22:06","guid":{"rendered":"http:\/\/sana.sy\/es\/?p=31387"},"modified":"2015-10-10T20:22:06","modified_gmt":"2015-10-10T17:22:06","slug":"velayati-iran-siria-rusia-e-irak-cooperan-para-combatir-el-terrorismo","status":"publish","type":"post","link":"https:\/\/archive.sana.sy\/es\/?p=31387","title":{"rendered":"Velayati: Ir\u00e1n, Siria, Rusia e Irak cooperan para combatir el terrorismo"},"content":{"rendered":"<p style=\"text-align: justify\"><span style=\"color: #800000\">Teher\u00e1n, SANA<\/span>&#8211; Un alto funcionario iran\u00ed informa de que Teher\u00e1n est\u00e1 realizando consultas con Siria, Rusia e Irak en la lucha contra el terrorismo.<\/p>\n<p style=\"text-align: justify\">\u201cNo ocultamos el hecho de que consultamos con Siria, Rusia e Irak para impedir la materializaci\u00f3n de la demanda ileg\u00edtima de los extranjeros, que buscan derrocar al Gobierno leg\u00edtimo sirio\u201d, ha afirmado este s\u00e1bado Ali Akbar Velayati, asesor del L\u00edder de la Revoluci\u00f3n Isl\u00e1mica, el ayatol\u00e1 Seyed Ali Jamenei.<\/p>\n<p style=\"text-align: justify\">Ir\u00e1n nunca ha ocultado su respaldo al Gobierno del presidente Bashar al-Asad, explicando tambi\u00e9n que Teher\u00e1n \u201cha mostrado abiertamente su apoyo y lo seguir\u00e1 haciendo, y que el gobierno ruso tambi\u00e9n comparte esta postura, por lo que naturalmente realizamos consultas\u201d, ha agregado.<\/p>\n<p style=\"text-align: justify\">Seg\u00fan Velayati, tambi\u00e9n director del Centro de Estudios Estrat\u00e9gicos del Consejo del Discernimiento del Sistema de Ir\u00e1n, la cooperaci\u00f3n contra el terrorismo entre estos cuatro pa\u00edses es constante.<\/p>\n<p style=\"text-align: justify\">\u201cIr\u00e1n, Rusia e Irak son amigos y aliados de Siria\u201d, ha destacado, para luego se\u00f1alar que los terroristas con el apoyo del Occidente, sobre todo Estados Unidos, el r\u00e9gimen israel\u00ed y los pa\u00edses \u201creaccionarios\u201d de la regi\u00f3n, tratan, en realidad, de \u201cromper la cadena de la resistencia anti-sionista\u201d.<\/p>\n<p style=\"text-align: justify\">El Gobierno sirio es uno de los ejes clave de la resistencia anti-israel\u00ed, de ah\u00ed que los terroristas apuntaran contra \u00e9l, pero han fracasado, especific\u00f3 el titula iran\u00ed.<\/p>\n<p>M.Miri<\/p>\n","protected":false},"excerpt":{"rendered":"<p>Teher\u00e1n, SANA&#8211; Un alto funcionario iran\u00ed informa de que Teher\u00e1n est\u00e1 realizando consultas con Siria, Rusia e Irak en la lucha contra el terrorismo. \u201cNo ocultamos el hecho de que consultamos con Siria, Rusia e Irak para impedir la materializaci\u00f3n de la demanda ileg\u00edtima de los extranjeros, que buscan derrocar al Gobierno leg\u00edtimo sirio\u201d, ha &hellip;<\/p>\n","protected":false},"author":1,"featured_media":31388,"comment_status":"closed","ping_status":"closed","sticky":false,"template":"","format":"standard","meta":{"footnotes":""},"categories":[456,457,576],"tags":[6986,6553,6985],"class_list":["post-31387","post","type-post","status-publish","format-standard","has-post-thumbnail","","category-arabe-internacional-politica","category-noticias-arabe-internacional-politica","category-noticias-politicas","tag-rusia-e-irak-cooperan-para-combatir-el-terrorismo","tag-siria","tag-velayati-iran"],"_links":{"self":[{"href":"https:\/\/archive.sana.sy\/es\/index.php?rest_route=\/wp\/v2\/posts\/31387"}],"collection":[{"href":"https:\/\/archive.sana.sy\/es\/index.php?rest_route=\/wp\/v2\/posts"}],"about":[{"href":"https:\/\/archive.sana.sy\/es\/index.php?rest_route=\/wp\/v2\/types\/post"}],"author":[{"embeddable":true,"href":"https:\/\/archive.sana.sy\/es\/index.php?rest_route=\/wp\/v2\/users\/1"}],"replies":[{"embeddable":true,"href":"https:\/\/archive.sana.sy\/es\/index.php?rest_route=%2Fwp%2Fv2%2Fcomments&post=31387"}],"version-history":[{"count":0,"href":"https:\/\/archive.sana.sy\/es\/index.php?rest_route=\/wp\/v2\/posts\/31387\/revisions"}],"wp:featuredmedia":[{"embeddable":true,"href":"https:\/\/archive.sana.sy\/es\/index.php?rest_route=\/wp\/v2\/media\/31388"}],"wp:attachment":[{"href":"https:\/\/archive.sana.sy\/es\/index.php?rest_route=%2Fwp%2Fv2%2Fmedia&parent=31387"}],"wp:term":[{"taxonomy":"category","embeddable":true,"href":"https:\/\/archive.sana.sy\/es\/index.php?rest_route=%2Fwp%2Fv2%2Fcategories&post=31387"},{"taxonomy":"post_tag","embeddable":true,"href":"https:\/\/archive.sana.sy\/es\/index.php?rest_route=%2Fwp%2Fv2%2Ftags&post=31387"}],"curies":[{"name":"wp","href":"https:\/\/api.w.org\/{rel}","templated":true}]}}