{"id":313878,"date":"2023-11-09T08:15:25","date_gmt":"2023-11-09T05:15:25","guid":{"rendered":"https:\/\/sana.sy\/es\/?p=313878"},"modified":"2023-11-09T08:15:25","modified_gmt":"2023-11-09T05:15:25","slug":"sismo-en-el-noroeste-de-siria","status":"publish","type":"post","link":"https:\/\/archive.sana.sy\/es\/?p=313878","title":{"rendered":"\u00a0Sismo en el noroeste de Siria"},"content":{"rendered":"<p style=\"text-align: justify;\"><span style=\"color: #800000;\"><strong>Idlib , 08 nov (SANA)\u00a0\u00a0 <\/strong><\/span>El Centro S\u00edsmico Nacional inform\u00f3 que sus estaciones de monitoreo registraron un sismo con una magnitud de 4.9 grados en la escala de Richter.<\/p>\n<p style=\"text-align: justify;\">El fen\u00f3meno se sinti\u00f3 a las 5:32 am hora local de este jueves, 9 de noviembre, y su epicentro fue ubicado a unos 77 km al noroeste de la ciudad de Idlib.<\/p>\n<p style=\"text-align: justify;\"><strong>fm\/ws<\/strong><\/p>\n","protected":false},"excerpt":{"rendered":"<p>Idlib , 08 nov (SANA)\u00a0\u00a0 El Centro S\u00edsmico Nacional inform\u00f3 que sus estaciones de monitoreo registraron un sismo con una magnitud de 4.9 grados en la escala de Richter. El fen\u00f3meno se sinti\u00f3 a las 5:32 am hora local de este jueves, 9 de noviembre, y su epicentro fue ubicado a unos 77 km al &hellip;<\/p>\n","protected":false},"author":35,"featured_media":313879,"comment_status":"closed","ping_status":"closed","sticky":false,"template":"","format":"standard","meta":{"footnotes":""},"categories":[597,20724,476,575,7541],"tags":[],"class_list":["post-313878","post","type-post","status-publish","format-standard","has-post-thumbnail","","category-cinta-de-noticias","category-minuto-a-minuto","category-locales","category-provincias","category-ultimas-noticias"],"_links":{"self":[{"href":"https:\/\/archive.sana.sy\/es\/index.php?rest_route=\/wp\/v2\/posts\/313878"}],"collection":[{"href":"https:\/\/archive.sana.sy\/es\/index.php?rest_route=\/wp\/v2\/posts"}],"about":[{"href":"https:\/\/archive.sana.sy\/es\/index.php?rest_route=\/wp\/v2\/types\/post"}],"author":[{"embeddable":true,"href":"https:\/\/archive.sana.sy\/es\/index.php?rest_route=\/wp\/v2\/users\/35"}],"replies":[{"embeddable":true,"href":"https:\/\/archive.sana.sy\/es\/index.php?rest_route=%2Fwp%2Fv2%2Fcomments&post=313878"}],"version-history":[{"count":1,"href":"https:\/\/archive.sana.sy\/es\/index.php?rest_route=\/wp\/v2\/posts\/313878\/revisions"}],"predecessor-version":[{"id":313880,"href":"https:\/\/archive.sana.sy\/es\/index.php?rest_route=\/wp\/v2\/posts\/313878\/revisions\/313880"}],"wp:featuredmedia":[{"embeddable":true,"href":"https:\/\/archive.sana.sy\/es\/index.php?rest_route=\/wp\/v2\/media\/313879"}],"wp:attachment":[{"href":"https:\/\/archive.sana.sy\/es\/index.php?rest_route=%2Fwp%2Fv2%2Fmedia&parent=313878"}],"wp:term":[{"taxonomy":"category","embeddable":true,"href":"https:\/\/archive.sana.sy\/es\/index.php?rest_route=%2Fwp%2Fv2%2Fcategories&post=313878"},{"taxonomy":"post_tag","embeddable":true,"href":"https:\/\/archive.sana.sy\/es\/index.php?rest_route=%2Fwp%2Fv2%2Ftags&post=313878"}],"curies":[{"name":"wp","href":"https:\/\/api.w.org\/{rel}","templated":true}]}}