{"id":313881,"date":"2023-11-09T10:51:33","date_gmt":"2023-11-09T07:51:33","guid":{"rendered":"https:\/\/sana.sy\/es\/?p=313881"},"modified":"2023-11-09T10:51:33","modified_gmt":"2023-11-09T07:51:33","slug":"fuerzas-israelies-asesinan-a-dos-palestinos-en-cisjordania","status":"publish","type":"post","link":"https:\/\/archive.sana.sy\/es\/?p=313881","title":{"rendered":"Fuerzas israel\u00edes asesinan a dos palestinos en Cisjordania"},"content":{"rendered":"<p style=\"text-align: justify;\"><span style=\"color: #800000;\"><strong>Jerusal\u00e9n ocupada, 09 nov (SANA)\u00a0<\/strong> <\/span>Dos palestinos perdieron la vida hoy por el fuego de las fuerzas de ocupaci\u00f3n israel\u00edes en Cisjordania.<\/p>\n<p style=\"text-align: justify;\">&#8220;Las tropas sionistas irrumpieron en la aldea de Tabqa, al suroeste de Hebr\u00f3n donde dispararon contra los palestinos, matando a un joven de 25 a\u00f1os y lesiones a otras personas\u201d, informaron medios palestinos.<\/p>\n<p style=\"text-align: justify;\">A su vez, fuentes m\u00e9dicas del hospital de Beit Jala anunciaron que un palestino de 51 a\u00f1os muri\u00f3 afectado por sus heridas durante asaltos de las fuerzas israel\u00edes a la ciudad de Bel\u00e9n.<\/p>\n<p style=\"text-align: justify;\">ed\/fm<\/p>\n","protected":false},"excerpt":{"rendered":"<p>Jerusal\u00e9n ocupada, 09 nov (SANA)\u00a0 Dos palestinos perdieron la vida hoy por el fuego de las fuerzas de ocupaci\u00f3n israel\u00edes en Cisjordania. &#8220;Las tropas sionistas irrumpieron en la aldea de Tabqa, al suroeste de Hebr\u00f3n donde dispararon contra los palestinos, matando a un joven de 25 a\u00f1os y lesiones a otras personas\u201d, informaron medios palestinos. &hellip;<\/p>\n","protected":false},"author":32,"featured_media":313882,"comment_status":"closed","ping_status":"closed","sticky":false,"template":"","format":"standard","meta":{"footnotes":""},"categories":[597,456,20724,7541],"tags":[],"class_list":["post-313881","post","type-post","status-publish","format-standard","has-post-thumbnail","","category-cinta-de-noticias","category-arabe-internacional-politica","category-minuto-a-minuto","category-ultimas-noticias"],"_links":{"self":[{"href":"https:\/\/archive.sana.sy\/es\/index.php?rest_route=\/wp\/v2\/posts\/313881"}],"collection":[{"href":"https:\/\/archive.sana.sy\/es\/index.php?rest_route=\/wp\/v2\/posts"}],"about":[{"href":"https:\/\/archive.sana.sy\/es\/index.php?rest_route=\/wp\/v2\/types\/post"}],"author":[{"embeddable":true,"href":"https:\/\/archive.sana.sy\/es\/index.php?rest_route=\/wp\/v2\/users\/32"}],"replies":[{"embeddable":true,"href":"https:\/\/archive.sana.sy\/es\/index.php?rest_route=%2Fwp%2Fv2%2Fcomments&post=313881"}],"version-history":[{"count":1,"href":"https:\/\/archive.sana.sy\/es\/index.php?rest_route=\/wp\/v2\/posts\/313881\/revisions"}],"predecessor-version":[{"id":313883,"href":"https:\/\/archive.sana.sy\/es\/index.php?rest_route=\/wp\/v2\/posts\/313881\/revisions\/313883"}],"wp:featuredmedia":[{"embeddable":true,"href":"https:\/\/archive.sana.sy\/es\/index.php?rest_route=\/wp\/v2\/media\/313882"}],"wp:attachment":[{"href":"https:\/\/archive.sana.sy\/es\/index.php?rest_route=%2Fwp%2Fv2%2Fmedia&parent=313881"}],"wp:term":[{"taxonomy":"category","embeddable":true,"href":"https:\/\/archive.sana.sy\/es\/index.php?rest_route=%2Fwp%2Fv2%2Fcategories&post=313881"},{"taxonomy":"post_tag","embeddable":true,"href":"https:\/\/archive.sana.sy\/es\/index.php?rest_route=%2Fwp%2Fv2%2Ftags&post=313881"}],"curies":[{"name":"wp","href":"https:\/\/api.w.org\/{rel}","templated":true}]}}