{"id":31390,"date":"2015-10-10T20:47:16","date_gmt":"2015-10-10T17:47:16","guid":{"rendered":"http:\/\/sana.sy\/es\/?p=31390"},"modified":"2015-10-10T21:20:41","modified_gmt":"2015-10-10T18:20:41","slug":"dos-aviones-f-16-violan-el-espacio-aereo-sirio","status":"publish","type":"post","link":"https:\/\/archive.sana.sy\/es\/?p=31390","title":{"rendered":"Dos aviones F-16 violan el espacio a\u00e9reo sirio"},"content":{"rendered":"<p style=\"text-align: justify\">Alepo, SANA- Una fuente militar confirm\u00f3 que hubo una violaci\u00f3n del espacio a\u00e9reo por parte de dos aviones militares F-16 pertenecen a la coalici\u00f3n internacional liderada por EE.UU que han sobrevolado la zona de al-Raduaniya al este de la provincia de Alepo, y han bombardeado la infraestructura en el \u00e1rea destruyendo dos plantas t\u00e9rmicas en la zona causando cortes de electricidad en toda la zona.<\/p>\n<p style=\"text-align: justify\">Seg\u00fan la fuente, los dos aviones violaron el espacio a\u00e9reo sirio a las 10:00 AM el s\u00e1bado por la ma\u00f1ana. La fuente considera que el incidente como una &#8220;violaci\u00f3n de la ley internacional&#8221; agreg\u00f3 la fuente.<\/p>\n<p>M.Miri<\/p>\n","protected":false},"excerpt":{"rendered":"<p>Alepo, SANA- Una fuente militar confirm\u00f3 que hubo una violaci\u00f3n del espacio a\u00e9reo por parte de dos aviones militares F-16 pertenecen a la coalici\u00f3n internacional liderada por EE.UU que han sobrevolado la zona de al-Raduaniya al este de la provincia de Alepo, y han bombardeado la infraestructura en el \u00e1rea destruyendo dos plantas t\u00e9rmicas en &hellip;<\/p>\n","protected":false},"author":1,"featured_media":31394,"comment_status":"closed","ping_status":"closed","sticky":false,"template":"","format":"standard","meta":{"footnotes":""},"categories":[477,456,476,457,576],"tags":[6987],"class_list":["post-31390","post","type-post","status-publish","format-standard","has-post-thumbnail","","category-noticias-edulcorantes","category-arabe-internacional-politica","category-locales","category-noticias-arabe-internacional-politica","category-noticias-politicas","tag-dos-aviones-f-16-violan-el-espacio-aereo-sirio"],"_links":{"self":[{"href":"https:\/\/archive.sana.sy\/es\/index.php?rest_route=\/wp\/v2\/posts\/31390"}],"collection":[{"href":"https:\/\/archive.sana.sy\/es\/index.php?rest_route=\/wp\/v2\/posts"}],"about":[{"href":"https:\/\/archive.sana.sy\/es\/index.php?rest_route=\/wp\/v2\/types\/post"}],"author":[{"embeddable":true,"href":"https:\/\/archive.sana.sy\/es\/index.php?rest_route=\/wp\/v2\/users\/1"}],"replies":[{"embeddable":true,"href":"https:\/\/archive.sana.sy\/es\/index.php?rest_route=%2Fwp%2Fv2%2Fcomments&post=31390"}],"version-history":[{"count":0,"href":"https:\/\/archive.sana.sy\/es\/index.php?rest_route=\/wp\/v2\/posts\/31390\/revisions"}],"wp:featuredmedia":[{"embeddable":true,"href":"https:\/\/archive.sana.sy\/es\/index.php?rest_route=\/wp\/v2\/media\/31394"}],"wp:attachment":[{"href":"https:\/\/archive.sana.sy\/es\/index.php?rest_route=%2Fwp%2Fv2%2Fmedia&parent=31390"}],"wp:term":[{"taxonomy":"category","embeddable":true,"href":"https:\/\/archive.sana.sy\/es\/index.php?rest_route=%2Fwp%2Fv2%2Fcategories&post=31390"},{"taxonomy":"post_tag","embeddable":true,"href":"https:\/\/archive.sana.sy\/es\/index.php?rest_route=%2Fwp%2Fv2%2Ftags&post=31390"}],"curies":[{"name":"wp","href":"https:\/\/api.w.org\/{rel}","templated":true}]}}