{"id":313902,"date":"2023-11-09T14:21:14","date_gmt":"2023-11-09T11:21:14","guid":{"rendered":"https:\/\/sana.sy\/es\/?p=313902"},"modified":"2023-11-09T20:23:11","modified_gmt":"2023-11-09T17:23:11","slug":"el-ritual-ancestral-de-la-recoleccion-de-aceituna-en-siria-fotos","status":"publish","type":"post","link":"https:\/\/archive.sana.sy\/es\/?p=313902","title":{"rendered":"El ritual ancestral de la recolecci\u00f3n de aceituna en Siria (+ fotos)"},"content":{"rendered":"<blockquote>\n<p style=\"text-align: justify;\"><span style=\"color: #800000;\">En algunas regiones en el campo sirio, las campesinas prensan sus granos suavemente para que pierdan su sabor amargo y se endulcen. Desde luego, el mat\u00e9 no falta en todo este proceso.<\/span><\/p>\n<\/blockquote>\n<p style=\"text-align: justify;\"><span style=\"color: #800000;\"><strong>Damasco, 9 nov (SANA)\u00a0<\/strong><\/span> La temporada de recolecci\u00f3n de aceituna en Siria inicia en octubre y dura unas semanas, en un ritual que pasa de padres a hijos, durante miles de a\u00f1os.<\/p>\n<p style=\"text-align: justify;\"><img loading=\"lazy\" decoding=\"async\" class=\"size-medium wp-image-313904 alignright\" src=\"http:\/\/sana.sy\/es\/wp-content\/uploads\/2023\/11\/photo_2023-11-09_14-17-41-300x193.jpg\" alt=\"\" width=\"300\" height=\"193\" srcset=\"https:\/\/archive.sana.sy\/es\/wp-content\/uploads\/2023\/11\/photo_2023-11-09_14-17-41-300x193.jpg 300w, https:\/\/archive.sana.sy\/es\/wp-content\/uploads\/2023\/11\/photo_2023-11-09_14-17-41-150x97.jpg 150w, https:\/\/archive.sana.sy\/es\/wp-content\/uploads\/2023\/11\/photo_2023-11-09_14-17-41.jpg 500w\" sizes=\"(max-width: 300px) 100vw, 300px\" \/>Octubre es el mes en que los campos de olivos cobran vida y se llenan de campesinos que recolectan durante unos d\u00edas los frutos de su trabajo realizado durante todo el a\u00f1o.<\/p>\n<p style=\"text-align: justify;\">Dentro de la olivicultura, Siria se sit\u00faa en s\u00e9ptimo lugar a nivel mundial en termino de superficie de cultivo y en octavo en producci\u00f3n de aceite de oliva.<\/p>\n<p style=\"text-align: justify;\">Las plantaciones de olivo se centran principalmente en las provincias de Alepo e Idlib en el noroeste, y Latakia y Tartous en la regi\u00f3n costera, aunque extensas \u00e1reas est\u00e1n sembradas de olivo en otras gobernaciones como Deraa, Sweida y Quneitra, en el sur de la naci\u00f3n.<\/p>\n<p style=\"text-align: justify;\">El ritual de la recolecci\u00f3n va acompa\u00f1ado de sencillas y encantadoras costumbres; los ni\u00f1os se levantan temprano para ayudar a sus padres, y la comida que toman los recolectores durante los descansos tiene un sabor y ritual peculiar en el campo.<\/p>\n<p style=\"text-align: justify;\">Mientras las mujeres, al regresar a casa por las tardes, preparan las aceitunas recogidas, sea para enviarlas a las prensadoras para obtener el aceite o procesarlas manualmente como conserva para el invierno.<\/p>\n<p style=\"text-align: justify;\">En algunas regiones en el campo sirio, las campesinas prensan sus granos suavemente para que pierdan su sabor amargo y se endulcen. Desde luego, el mat\u00e9 no falta en todo este proceso.<\/p>\n<div id='gallery-1' class='gallery galleryid-313902 gallery-columns-1 gallery-size-full'><figure class='gallery-item'>\n\t\t\t<div class='gallery-icon portrait'>\n\t\t\t\t<a href='https:\/\/archive.sana.sy\/es\/wp-content\/uploads\/2023\/11\/CVKJq9tUEAA34av.jpg'><img loading=\"lazy\" decoding=\"async\" width=\"960\" height=\"1280\" src=\"https:\/\/archive.sana.sy\/es\/wp-content\/uploads\/2023\/11\/CVKJq9tUEAA34av.jpg\" class=\"attachment-full size-full\" alt=\"\" srcset=\"https:\/\/archive.sana.sy\/es\/wp-content\/uploads\/2023\/11\/CVKJq9tUEAA34av.jpg 960w, https:\/\/archive.sana.sy\/es\/wp-content\/uploads\/2023\/11\/CVKJq9tUEAA34av-225x300.jpg 225w, https:\/\/archive.sana.sy\/es\/wp-content\/uploads\/2023\/11\/CVKJq9tUEAA34av-768x1024.jpg 768w, https:\/\/archive.sana.sy\/es\/wp-content\/uploads\/2023\/11\/CVKJq9tUEAA34av-113x150.jpg 113w\" sizes=\"(max-width: 960px) 100vw, 960px\" \/><\/a>\n\t\t\t<\/div><\/figure><figure class='gallery-item'>\n\t\t\t<div class='gallery-icon landscape'>\n\t\t\t\t<a href='https:\/\/archive.sana.sy\/es\/wp-content\/uploads\/2023\/11\/image-1.jpg'><img loading=\"lazy\" decoding=\"async\" width=\"800\" height=\"600\" src=\"https:\/\/archive.sana.sy\/es\/wp-content\/uploads\/2023\/11\/image-1.jpg\" class=\"attachment-full size-full\" alt=\"\" srcset=\"https:\/\/archive.sana.sy\/es\/wp-content\/uploads\/2023\/11\/image-1.jpg 800w, https:\/\/archive.sana.sy\/es\/wp-content\/uploads\/2023\/11\/image-1-300x225.jpg 300w, https:\/\/archive.sana.sy\/es\/wp-content\/uploads\/2023\/11\/image-1-150x113.jpg 150w, https:\/\/archive.sana.sy\/es\/wp-content\/uploads\/2023\/11\/image-1-768x576.jpg 768w\" sizes=\"(max-width: 800px) 100vw, 800px\" \/><\/a>\n\t\t\t<\/div><\/figure><figure class='gallery-item'>\n\t\t\t<div class='gallery-icon landscape'>\n\t\t\t\t<a href='https:\/\/archive.sana.sy\/es\/wp-content\/uploads\/2023\/11\/image.jpg'><img loading=\"lazy\" decoding=\"async\" width=\"800\" height=\"599\" src=\"https:\/\/archive.sana.sy\/es\/wp-content\/uploads\/2023\/11\/image.jpg\" class=\"attachment-full size-full\" alt=\"\" srcset=\"https:\/\/archive.sana.sy\/es\/wp-content\/uploads\/2023\/11\/image.jpg 800w, https:\/\/archive.sana.sy\/es\/wp-content\/uploads\/2023\/11\/image-300x225.jpg 300w, https:\/\/archive.sana.sy\/es\/wp-content\/uploads\/2023\/11\/image-150x112.jpg 150w, https:\/\/archive.sana.sy\/es\/wp-content\/uploads\/2023\/11\/image-768x575.jpg 768w\" sizes=\"(max-width: 800px) 100vw, 800px\" \/><\/a>\n\t\t\t<\/div><\/figure><figure class='gallery-item'>\n\t\t\t<div class='gallery-icon portrait'>\n\t\t\t\t<a href='https:\/\/archive.sana.sy\/es\/wp-content\/uploads\/2023\/11\/photo_2023-11-09_13-34-13.jpg'><img loading=\"lazy\" decoding=\"async\" width=\"678\" height=\"748\" src=\"https:\/\/archive.sana.sy\/es\/wp-content\/uploads\/2023\/11\/photo_2023-11-09_13-34-13.jpg\" class=\"attachment-full size-full\" alt=\"\" srcset=\"https:\/\/archive.sana.sy\/es\/wp-content\/uploads\/2023\/11\/photo_2023-11-09_13-34-13.jpg 678w, https:\/\/archive.sana.sy\/es\/wp-content\/uploads\/2023\/11\/photo_2023-11-09_13-34-13-272x300.jpg 272w, https:\/\/archive.sana.sy\/es\/wp-content\/uploads\/2023\/11\/photo_2023-11-09_13-34-13-136x150.jpg 136w\" sizes=\"(max-width: 678px) 100vw, 678px\" \/><\/a>\n\t\t\t<\/div><\/figure><figure class='gallery-item'>\n\t\t\t<div class='gallery-icon landscape'>\n\t\t\t\t<a href='https:\/\/archive.sana.sy\/es\/wp-content\/uploads\/2023\/11\/70161089_2561396100613303_7712147322280345600_n.jpg'><img loading=\"lazy\" decoding=\"async\" width=\"480\" height=\"360\" src=\"https:\/\/archive.sana.sy\/es\/wp-content\/uploads\/2023\/11\/70161089_2561396100613303_7712147322280345600_n.jpg\" class=\"attachment-full size-full\" alt=\"\" srcset=\"https:\/\/archive.sana.sy\/es\/wp-content\/uploads\/2023\/11\/70161089_2561396100613303_7712147322280345600_n.jpg 480w, https:\/\/archive.sana.sy\/es\/wp-content\/uploads\/2023\/11\/70161089_2561396100613303_7712147322280345600_n-300x225.jpg 300w, https:\/\/archive.sana.sy\/es\/wp-content\/uploads\/2023\/11\/70161089_2561396100613303_7712147322280345600_n-150x113.jpg 150w\" sizes=\"(max-width: 480px) 100vw, 480px\" \/><\/a>\n\t\t\t<\/div><\/figure>\n\t\t<\/div>\n\n<p style=\"text-align: justify;\"><strong>Por Watfeh Saloum\/fm<\/strong><\/p>\n","protected":false},"excerpt":{"rendered":"<p>En algunas regiones en el campo sirio, las campesinas prensan sus granos suavemente para que pierdan su sabor amargo y se endulcen. Desde luego, el mat\u00e9 no falta en todo este proceso. Damasco, 9 nov (SANA)\u00a0 La temporada de recolecci\u00f3n de aceituna en Siria inicia en octubre y dura unas semanas, en un ritual que &hellip;<\/p>\n","protected":false},"author":35,"featured_media":313903,"comment_status":"closed","ping_status":"closed","sticky":false,"template":"","format":"standard","meta":{"footnotes":""},"categories":[597,510,20724,18781],"tags":[],"class_list":["post-313902","post","type-post","status-publish","format-standard","has-post-thumbnail","","category-cinta-de-noticias","category-arte-y-cultura","category-minuto-a-minuto","category-vistazos-sobre-siria"],"_links":{"self":[{"href":"https:\/\/archive.sana.sy\/es\/index.php?rest_route=\/wp\/v2\/posts\/313902"}],"collection":[{"href":"https:\/\/archive.sana.sy\/es\/index.php?rest_route=\/wp\/v2\/posts"}],"about":[{"href":"https:\/\/archive.sana.sy\/es\/index.php?rest_route=\/wp\/v2\/types\/post"}],"author":[{"embeddable":true,"href":"https:\/\/archive.sana.sy\/es\/index.php?rest_route=\/wp\/v2\/users\/35"}],"replies":[{"embeddable":true,"href":"https:\/\/archive.sana.sy\/es\/index.php?rest_route=%2Fwp%2Fv2%2Fcomments&post=313902"}],"version-history":[{"count":2,"href":"https:\/\/archive.sana.sy\/es\/index.php?rest_route=\/wp\/v2\/posts\/313902\/revisions"}],"predecessor-version":[{"id":313911,"href":"https:\/\/archive.sana.sy\/es\/index.php?rest_route=\/wp\/v2\/posts\/313902\/revisions\/313911"}],"wp:featuredmedia":[{"embeddable":true,"href":"https:\/\/archive.sana.sy\/es\/index.php?rest_route=\/wp\/v2\/media\/313903"}],"wp:attachment":[{"href":"https:\/\/archive.sana.sy\/es\/index.php?rest_route=%2Fwp%2Fv2%2Fmedia&parent=313902"}],"wp:term":[{"taxonomy":"category","embeddable":true,"href":"https:\/\/archive.sana.sy\/es\/index.php?rest_route=%2Fwp%2Fv2%2Fcategories&post=313902"},{"taxonomy":"post_tag","embeddable":true,"href":"https:\/\/archive.sana.sy\/es\/index.php?rest_route=%2Fwp%2Fv2%2Ftags&post=313902"}],"curies":[{"name":"wp","href":"https:\/\/api.w.org\/{rel}","templated":true}]}}