{"id":313964,"date":"2023-11-10T14:18:32","date_gmt":"2023-11-10T11:18:32","guid":{"rendered":"https:\/\/sana.sy\/es\/?p=313964"},"modified":"2023-11-10T20:59:47","modified_gmt":"2023-11-10T17:59:47","slug":"presidente-al-assad-e-dirige-hoy-a-arabia-saudita-para-participar-en-la-cumbre-de-emergencia-arabe","status":"publish","type":"post","link":"https:\/\/archive.sana.sy\/es\/?p=313964","title":{"rendered":"Presidente Al-Assad viaja a Arabia Saudita para participar en la Cumbre Extraordinaria \u00c1rabe"},"content":{"rendered":"<p style=\"text-align: justify;\"><span style=\"color: #800000;\"><strong>Damasco, 10 nov (SANA)\u00a0<\/strong><\/span> El Presidente Bashar al-Assad, viaja hoy a Arabia Saudita para participar en la Cumbre Extraordinaria \u00c1rabe, que se celebrar\u00e1 en Riad, la capital saudita.<\/p>\n<p style=\"text-align: justify;\">Durante este evento, se abordar\u00e1 la situaci\u00f3n en los territorios palestinos ocupados y la crisis humanitaria en Gaza resultante de la agresi\u00f3n israel\u00ed que cobr\u00f3 la vida de miles de personas, y gener\u00f3 una crisis humanitaria sin precedentes.<\/p>\n<p style=\"text-align: justify;\">Los cancilleres \u00e1rabes celebraron la v\u00edspera una reuni\u00f3n preparatoria para la Cumbre, en la que analizaron el proyecto de resoluci\u00f3n relacionado con la actual agresi\u00f3n israel\u00ed a la Franja de Gaza, que est\u00e1 previsto que se presente a los l\u00edderes \u00e1rabes en su cumbre.<\/p>\n<p style=\"text-align: justify;\">sm\/fm<\/p>\n","protected":false},"excerpt":{"rendered":"<p>Damasco, 10 nov (SANA)\u00a0 El Presidente Bashar al-Assad, viaja hoy a Arabia Saudita para participar en la Cumbre Extraordinaria \u00c1rabe, que se celebrar\u00e1 en Riad, la capital saudita. Durante este evento, se abordar\u00e1 la situaci\u00f3n en los territorios palestinos ocupados y la crisis humanitaria en Gaza resultante de la agresi\u00f3n israel\u00ed que cobr\u00f3 la vida &hellip;<\/p>\n","protected":false},"author":39,"featured_media":313965,"comment_status":"closed","ping_status":"closed","sticky":false,"template":"","format":"standard","meta":{"footnotes":""},"categories":[597,573,20724,476,16237,467,626,7541],"tags":[],"class_list":["post-313964","post","type-post","status-publish","format-standard","has-post-thumbnail","","category-cinta-de-noticias","category-la-realidad-de-los-acontecimientos-en-siria","category-minuto-a-minuto","category-locales","category-presidence-de-la-republique-arabe-syria","category-siria-y-el-mundo","category-sr-presidente","category-ultimas-noticias"],"_links":{"self":[{"href":"https:\/\/archive.sana.sy\/es\/index.php?rest_route=\/wp\/v2\/posts\/313964"}],"collection":[{"href":"https:\/\/archive.sana.sy\/es\/index.php?rest_route=\/wp\/v2\/posts"}],"about":[{"href":"https:\/\/archive.sana.sy\/es\/index.php?rest_route=\/wp\/v2\/types\/post"}],"author":[{"embeddable":true,"href":"https:\/\/archive.sana.sy\/es\/index.php?rest_route=\/wp\/v2\/users\/39"}],"replies":[{"embeddable":true,"href":"https:\/\/archive.sana.sy\/es\/index.php?rest_route=%2Fwp%2Fv2%2Fcomments&post=313964"}],"version-history":[{"count":6,"href":"https:\/\/archive.sana.sy\/es\/index.php?rest_route=\/wp\/v2\/posts\/313964\/revisions"}],"predecessor-version":[{"id":313971,"href":"https:\/\/archive.sana.sy\/es\/index.php?rest_route=\/wp\/v2\/posts\/313964\/revisions\/313971"}],"wp:featuredmedia":[{"embeddable":true,"href":"https:\/\/archive.sana.sy\/es\/index.php?rest_route=\/wp\/v2\/media\/313965"}],"wp:attachment":[{"href":"https:\/\/archive.sana.sy\/es\/index.php?rest_route=%2Fwp%2Fv2%2Fmedia&parent=313964"}],"wp:term":[{"taxonomy":"category","embeddable":true,"href":"https:\/\/archive.sana.sy\/es\/index.php?rest_route=%2Fwp%2Fv2%2Fcategories&post=313964"},{"taxonomy":"post_tag","embeddable":true,"href":"https:\/\/archive.sana.sy\/es\/index.php?rest_route=%2Fwp%2Fv2%2Ftags&post=313964"}],"curies":[{"name":"wp","href":"https:\/\/api.w.org\/{rel}","templated":true}]}}