{"id":313974,"date":"2023-11-10T15:35:20","date_gmt":"2023-11-10T12:35:20","guid":{"rendered":"https:\/\/sana.sy\/es\/?p=313974"},"modified":"2023-11-10T15:35:56","modified_gmt":"2023-11-10T12:35:56","slug":"masiva-manifestacion-en-siria-en-apoyo-a-gaza-fotos","status":"publish","type":"post","link":"https:\/\/archive.sana.sy\/es\/?p=313974","title":{"rendered":"Masiva manifestaci\u00f3n en Siria en apoyo a Gaza (+ fotos)"},"content":{"rendered":"<p style=\"text-align: justify;\"><span style=\"color: #800000;\"><strong>Damasco, 10 nov (SANA)<\/strong><\/span> Un masivo acto popular de solidaridad con Palestina tuvo lugar hoy en el campamento de refugiados palestinos Yarmouk al sur de Damasco, la capital siria.<\/p>\n<p style=\"text-align: justify;\">Los representantes de fuerzas palestinas y sirias condenaron los cr\u00edmenes cometidos por el ocupante israel\u00ed contra el pueblo palestino en la Franja de Gaza.<\/p>\n<p style=\"text-align: justify;\">El n\u00famero de v\u00edctimas a consecuencia de la actual agresi\u00f3n israel\u00ed contra la sitiada Franja de Gaza ascendi\u00f3 a 10.812 muertos y 26.905 heridos.<\/p>\n<p style=\"text-align: justify;\">Entre las v\u00edctimas mortales hay 4.412 ni\u00f1os, 2.918 mujeres y 667 ancianos.<\/p>\n<p style=\"text-align: justify;\">Asimismo, el ocupante bombarde\u00f3 130 instituciones de salud y sus ataques provocaron la muerte de 195 miembros del personal m\u00e9dico, la destrucci\u00f3n de 51 ambulancias y la retirada de 18 hospitales y 46 centros de salud de servicio.<\/p>\n<p style=\"text-align: justify;\">Nota en desarrollo\u2026<\/p>\n<div id='gallery-1' class='gallery galleryid-313974 gallery-columns-1 gallery-size-full'><figure class='gallery-item'>\n\t\t\t<div class='gallery-icon landscape'>\n\t\t\t\t<a href='https:\/\/archive.sana.sy\/es\/?attachment_id=313976'><img loading=\"lazy\" decoding=\"async\" width=\"1280\" height=\"918\" src=\"https:\/\/archive.sana.sy\/es\/wp-content\/uploads\/2023\/11\/Masiva-manifestacion-en-Siria-en-apoyo-a-Gaza-2.jpg\" class=\"attachment-full size-full\" alt=\"\" srcset=\"https:\/\/archive.sana.sy\/es\/wp-content\/uploads\/2023\/11\/Masiva-manifestacion-en-Siria-en-apoyo-a-Gaza-2.jpg 1280w, https:\/\/archive.sana.sy\/es\/wp-content\/uploads\/2023\/11\/Masiva-manifestacion-en-Siria-en-apoyo-a-Gaza-2-300x215.jpg 300w, https:\/\/archive.sana.sy\/es\/wp-content\/uploads\/2023\/11\/Masiva-manifestacion-en-Siria-en-apoyo-a-Gaza-2-1024x734.jpg 1024w, https:\/\/archive.sana.sy\/es\/wp-content\/uploads\/2023\/11\/Masiva-manifestacion-en-Siria-en-apoyo-a-Gaza-2-150x108.jpg 150w, https:\/\/archive.sana.sy\/es\/wp-content\/uploads\/2023\/11\/Masiva-manifestacion-en-Siria-en-apoyo-a-Gaza-2-768x551.jpg 768w\" sizes=\"(max-width: 1280px) 100vw, 1280px\" \/><\/a>\n\t\t\t<\/div><\/figure><figure class='gallery-item'>\n\t\t\t<div class='gallery-icon landscape'>\n\t\t\t\t<a href='https:\/\/archive.sana.sy\/es\/?attachment_id=313977'><img loading=\"lazy\" decoding=\"async\" width=\"1280\" height=\"817\" src=\"https:\/\/archive.sana.sy\/es\/wp-content\/uploads\/2023\/11\/Masiva-manifestacion-en-Siria-en-apoyo-a-Gaza-3.jpg\" class=\"attachment-full size-full\" alt=\"\" srcset=\"https:\/\/archive.sana.sy\/es\/wp-content\/uploads\/2023\/11\/Masiva-manifestacion-en-Siria-en-apoyo-a-Gaza-3.jpg 1280w, https:\/\/archive.sana.sy\/es\/wp-content\/uploads\/2023\/11\/Masiva-manifestacion-en-Siria-en-apoyo-a-Gaza-3-300x191.jpg 300w, https:\/\/archive.sana.sy\/es\/wp-content\/uploads\/2023\/11\/Masiva-manifestacion-en-Siria-en-apoyo-a-Gaza-3-1024x654.jpg 1024w, https:\/\/archive.sana.sy\/es\/wp-content\/uploads\/2023\/11\/Masiva-manifestacion-en-Siria-en-apoyo-a-Gaza-3-150x96.jpg 150w, https:\/\/archive.sana.sy\/es\/wp-content\/uploads\/2023\/11\/Masiva-manifestacion-en-Siria-en-apoyo-a-Gaza-3-768x490.jpg 768w\" sizes=\"(max-width: 1280px) 100vw, 1280px\" \/><\/a>\n\t\t\t<\/div><\/figure>\n\t\t<\/div>\n\n<p>sm\/fm<\/p>\n","protected":false},"excerpt":{"rendered":"<p>Damasco, 10 nov (SANA) Un masivo acto popular de solidaridad con Palestina tuvo lugar hoy en el campamento de refugiados palestinos Yarmouk al sur de Damasco, la capital siria. Los representantes de fuerzas palestinas y sirias condenaron los cr\u00edmenes cometidos por el ocupante israel\u00ed contra el pueblo palestino en la Franja de Gaza. El n\u00famero &hellip;<\/p>\n","protected":false},"author":39,"featured_media":313975,"comment_status":"closed","ping_status":"closed","sticky":false,"template":"","format":"standard","meta":{"footnotes":""},"categories":[477,597,573,20724,476,467,583],"tags":[],"class_list":["post-313974","post","type-post","status-publish","format-standard","has-post-thumbnail","","category-noticias-edulcorantes","category-cinta-de-noticias","category-la-realidad-de-los-acontecimientos-en-siria","category-minuto-a-minuto","category-locales","category-siria-y-el-mundo","category-slide"],"_links":{"self":[{"href":"https:\/\/archive.sana.sy\/es\/index.php?rest_route=\/wp\/v2\/posts\/313974"}],"collection":[{"href":"https:\/\/archive.sana.sy\/es\/index.php?rest_route=\/wp\/v2\/posts"}],"about":[{"href":"https:\/\/archive.sana.sy\/es\/index.php?rest_route=\/wp\/v2\/types\/post"}],"author":[{"embeddable":true,"href":"https:\/\/archive.sana.sy\/es\/index.php?rest_route=\/wp\/v2\/users\/39"}],"replies":[{"embeddable":true,"href":"https:\/\/archive.sana.sy\/es\/index.php?rest_route=%2Fwp%2Fv2%2Fcomments&post=313974"}],"version-history":[{"count":2,"href":"https:\/\/archive.sana.sy\/es\/index.php?rest_route=\/wp\/v2\/posts\/313974\/revisions"}],"predecessor-version":[{"id":313979,"href":"https:\/\/archive.sana.sy\/es\/index.php?rest_route=\/wp\/v2\/posts\/313974\/revisions\/313979"}],"wp:featuredmedia":[{"embeddable":true,"href":"https:\/\/archive.sana.sy\/es\/index.php?rest_route=\/wp\/v2\/media\/313975"}],"wp:attachment":[{"href":"https:\/\/archive.sana.sy\/es\/index.php?rest_route=%2Fwp%2Fv2%2Fmedia&parent=313974"}],"wp:term":[{"taxonomy":"category","embeddable":true,"href":"https:\/\/archive.sana.sy\/es\/index.php?rest_route=%2Fwp%2Fv2%2Fcategories&post=313974"},{"taxonomy":"post_tag","embeddable":true,"href":"https:\/\/archive.sana.sy\/es\/index.php?rest_route=%2Fwp%2Fv2%2Ftags&post=313974"}],"curies":[{"name":"wp","href":"https:\/\/api.w.org\/{rel}","templated":true}]}}