{"id":313980,"date":"2023-11-10T15:56:53","date_gmt":"2023-11-10T12:56:53","guid":{"rendered":"https:\/\/sana.sy\/es\/?p=313980"},"modified":"2023-11-10T15:56:53","modified_gmt":"2023-11-10T12:56:53","slug":"canciller-sirio-visita-sede-de-la-embajada-siria-en-riad-arabia-saudita","status":"publish","type":"post","link":"https:\/\/archive.sana.sy\/es\/?p=313980","title":{"rendered":"Canciller sirio visita sede de la embajada siria en Riad\/Arabia Saudita"},"content":{"rendered":"<p style=\"text-align: justify;\"><span style=\"color: #800000;\"><strong>Riad, 10 nov (SANA)\u00a0<\/strong><\/span> El ministro sirio de Asuntos Exteriores, Faisal Al-Mekdad, visit\u00f3 hoy la sede de la Embajada de la Rep\u00fablica \u00c1rabe Siria en Riad, donde se inform\u00f3 sobre los procedimientos que se tomaron para rehabilitarla en preparaci\u00f3n para reanudar su trabajo en un futuro pr\u00f3ximo.<img loading=\"lazy\" decoding=\"async\" class=\"size-medium wp-image-313981 alignright\" src=\"http:\/\/sana.sy\/es\/wp-content\/uploads\/2023\/11\/Canciller-sirio-visita-sede-de-la-embajada-siria-en-Riad-Arabia-Saudita0-300x200.jpeg\" alt=\"\" width=\"300\" height=\"200\" srcset=\"https:\/\/archive.sana.sy\/es\/wp-content\/uploads\/2023\/11\/Canciller-sirio-visita-sede-de-la-embajada-siria-en-Riad-Arabia-Saudita0-300x200.jpeg 300w, https:\/\/archive.sana.sy\/es\/wp-content\/uploads\/2023\/11\/Canciller-sirio-visita-sede-de-la-embajada-siria-en-Riad-Arabia-Saudita0-150x100.jpeg 150w, https:\/\/archive.sana.sy\/es\/wp-content\/uploads\/2023\/11\/Canciller-sirio-visita-sede-de-la-embajada-siria-en-Riad-Arabia-Saudita0.jpeg 660w\" sizes=\"(max-width: 300px) 100vw, 300px\" \/><\/p>\n<p style=\"text-align: justify;\">El Canciller se reuni\u00f3 con varios miembros de la comunidad siria que hab\u00edan tomado la iniciativa de contribuir y ayudar en el trabajo de rehabilitaci\u00f3n necesaria del edificio.<\/p>\n<p style=\"text-align: justify;\">Expres\u00f3 su agradecimiento por los esfuerzos que hicieron para acelerar el proceso de rehabilitaci\u00f3n requerido, y destac\u00f3 el inter\u00e9s de Siria por proporcionar los mejores servicios consulares a todos los sirios en el Reino de Arabia Saudita y resolver los problemas que enfrentan.<\/p>\n<p style=\"text-align: justify;\">fm\/sm<\/p>\n","protected":false},"excerpt":{"rendered":"<p>Riad, 10 nov (SANA)\u00a0 El ministro sirio de Asuntos Exteriores, Faisal Al-Mekdad, visit\u00f3 hoy la sede de la Embajada de la Rep\u00fablica \u00c1rabe Siria en Riad, donde se inform\u00f3 sobre los procedimientos que se tomaron para rehabilitarla en preparaci\u00f3n para reanudar su trabajo en un futuro pr\u00f3ximo. El Canciller se reuni\u00f3 con varios miembros de &hellip;<\/p>\n","protected":false},"author":39,"featured_media":313982,"comment_status":"closed","ping_status":"closed","sticky":false,"template":"","format":"standard","meta":{"footnotes":""},"categories":[597,20724,467,7541],"tags":[],"class_list":["post-313980","post","type-post","status-publish","format-standard","has-post-thumbnail","","category-cinta-de-noticias","category-minuto-a-minuto","category-siria-y-el-mundo","category-ultimas-noticias"],"_links":{"self":[{"href":"https:\/\/archive.sana.sy\/es\/index.php?rest_route=\/wp\/v2\/posts\/313980"}],"collection":[{"href":"https:\/\/archive.sana.sy\/es\/index.php?rest_route=\/wp\/v2\/posts"}],"about":[{"href":"https:\/\/archive.sana.sy\/es\/index.php?rest_route=\/wp\/v2\/types\/post"}],"author":[{"embeddable":true,"href":"https:\/\/archive.sana.sy\/es\/index.php?rest_route=\/wp\/v2\/users\/39"}],"replies":[{"embeddable":true,"href":"https:\/\/archive.sana.sy\/es\/index.php?rest_route=%2Fwp%2Fv2%2Fcomments&post=313980"}],"version-history":[{"count":1,"href":"https:\/\/archive.sana.sy\/es\/index.php?rest_route=\/wp\/v2\/posts\/313980\/revisions"}],"predecessor-version":[{"id":313983,"href":"https:\/\/archive.sana.sy\/es\/index.php?rest_route=\/wp\/v2\/posts\/313980\/revisions\/313983"}],"wp:featuredmedia":[{"embeddable":true,"href":"https:\/\/archive.sana.sy\/es\/index.php?rest_route=\/wp\/v2\/media\/313982"}],"wp:attachment":[{"href":"https:\/\/archive.sana.sy\/es\/index.php?rest_route=%2Fwp%2Fv2%2Fmedia&parent=313980"}],"wp:term":[{"taxonomy":"category","embeddable":true,"href":"https:\/\/archive.sana.sy\/es\/index.php?rest_route=%2Fwp%2Fv2%2Fcategories&post=313980"},{"taxonomy":"post_tag","embeddable":true,"href":"https:\/\/archive.sana.sy\/es\/index.php?rest_route=%2Fwp%2Fv2%2Ftags&post=313980"}],"curies":[{"name":"wp","href":"https:\/\/api.w.org\/{rel}","templated":true}]}}