{"id":313984,"date":"2023-11-10T16:51:31","date_gmt":"2023-11-10T13:51:31","guid":{"rendered":"https:\/\/sana.sy\/es\/?p=313984"},"modified":"2023-11-10T16:51:31","modified_gmt":"2023-11-10T13:51:31","slug":"bombardean-fuerzas-de-estados-unidos-en-siria","status":"publish","type":"post","link":"https:\/\/archive.sana.sy\/es\/?p=313984","title":{"rendered":"Bombardean fuerzas de Estados Unidos en Siria"},"content":{"rendered":"<p style=\"text-align: justify;\"><span style=\"color: #800000;\"><strong>Bagdad, 10 nov (SANA)<\/strong> <\/span>La autodenominada Resistencia en Iraq atac\u00f3 las fuerzas estadounidenses presentes ilegalmente en la regi\u00f3n de Al-Tanf, en el este de Siria, cerca de las fronteras con Jordania e Iraq.<\/p>\n<p style=\"text-align: justify;\">Mediante un comunicado, la referida entidad explic\u00f3 que atac\u00f3 atac\u00f3 el referido enclave con un dron, que impact\u00f3 justamente en el blanco se\u00f1alado.<\/p>\n<p style=\"text-align: justify;\">Washington mantiene una quincena de bases en territorio sirio sin el consentimiento del Gobierno de Damasco ni la aprobaci\u00f3n de las Naciones Unidas.<\/p>\n<p style=\"text-align: justify;\">Siria denunci\u00f3 repetidamente esta presencia, la que calific\u00f3 de ocupaci\u00f3n, y asegur\u00f3 que la actuaci\u00f3n de los militares estadounidenses en el territorio nacional incentiva la actividad terrorista y apunta a desestabilizar el pa\u00eds y saquear sus riquezas.<\/p>\n<p style=\"text-align: justify;\">Por otro lado, los ataques contra esas bases aumentaron notablemente desde el comienzo de la agresi\u00f3n israel\u00ed contra la Franja de Gaza y causaron lesiones a al menos 45 militares estadounidenses, seg\u00fan reconocieron altos funcionarios del Pent\u00e1gono.<\/p>\n<p style=\"text-align: justify;\">fm\/sm<\/p>\n","protected":false},"excerpt":{"rendered":"<p>Bagdad, 10 nov (SANA) La autodenominada Resistencia en Iraq atac\u00f3 las fuerzas estadounidenses presentes ilegalmente en la regi\u00f3n de Al-Tanf, en el este de Siria, cerca de las fronteras con Jordania e Iraq. Mediante un comunicado, la referida entidad explic\u00f3 que atac\u00f3 atac\u00f3 el referido enclave con un dron, que impact\u00f3 justamente en el blanco &hellip;<\/p>\n","protected":false},"author":39,"featured_media":313985,"comment_status":"closed","ping_status":"closed","sticky":false,"template":"","format":"standard","meta":{"footnotes":""},"categories":[477,597,573,20724,467,583],"tags":[],"class_list":["post-313984","post","type-post","status-publish","format-standard","has-post-thumbnail","","category-noticias-edulcorantes","category-cinta-de-noticias","category-la-realidad-de-los-acontecimientos-en-siria","category-minuto-a-minuto","category-siria-y-el-mundo","category-slide"],"_links":{"self":[{"href":"https:\/\/archive.sana.sy\/es\/index.php?rest_route=\/wp\/v2\/posts\/313984"}],"collection":[{"href":"https:\/\/archive.sana.sy\/es\/index.php?rest_route=\/wp\/v2\/posts"}],"about":[{"href":"https:\/\/archive.sana.sy\/es\/index.php?rest_route=\/wp\/v2\/types\/post"}],"author":[{"embeddable":true,"href":"https:\/\/archive.sana.sy\/es\/index.php?rest_route=\/wp\/v2\/users\/39"}],"replies":[{"embeddable":true,"href":"https:\/\/archive.sana.sy\/es\/index.php?rest_route=%2Fwp%2Fv2%2Fcomments&post=313984"}],"version-history":[{"count":1,"href":"https:\/\/archive.sana.sy\/es\/index.php?rest_route=\/wp\/v2\/posts\/313984\/revisions"}],"predecessor-version":[{"id":313986,"href":"https:\/\/archive.sana.sy\/es\/index.php?rest_route=\/wp\/v2\/posts\/313984\/revisions\/313986"}],"wp:featuredmedia":[{"embeddable":true,"href":"https:\/\/archive.sana.sy\/es\/index.php?rest_route=\/wp\/v2\/media\/313985"}],"wp:attachment":[{"href":"https:\/\/archive.sana.sy\/es\/index.php?rest_route=%2Fwp%2Fv2%2Fmedia&parent=313984"}],"wp:term":[{"taxonomy":"category","embeddable":true,"href":"https:\/\/archive.sana.sy\/es\/index.php?rest_route=%2Fwp%2Fv2%2Fcategories&post=313984"},{"taxonomy":"post_tag","embeddable":true,"href":"https:\/\/archive.sana.sy\/es\/index.php?rest_route=%2Fwp%2Fv2%2Ftags&post=313984"}],"curies":[{"name":"wp","href":"https:\/\/api.w.org\/{rel}","templated":true}]}}