{"id":314055,"date":"2023-11-11T16:44:45","date_gmt":"2023-11-11T13:44:45","guid":{"rendered":"https:\/\/sana.sy\/es\/?p=314055"},"modified":"2023-11-11T17:57:35","modified_gmt":"2023-11-11T14:57:35","slug":"al-assad-el-sionismo-supero-a-si-mismo-en-la-barbarie-y-la-pasividad-arabe-equivale-a-mas-ferocidad-sionista","status":"publish","type":"post","link":"https:\/\/archive.sana.sy\/es\/?p=314055","title":{"rendered":"Al-Assad: el sionismo super\u00f3 a s\u00ed mismo en la barbarie y la pasividad \u00e1rabe equivale a m\u00e1s ferocidad sionista"},"content":{"rendered":"<p style=\"text-align: justify;\"><span style=\"color: #800000;\"><strong>Riad, 11 nov (SANA)<\/strong><\/span> El presidente sirio Bashar Al-Assad, afirm\u00f3 en sus palabras pronunciadas en la Cumbre Extraordinaria \u00c1rabe e Isl\u00e1mica, que se celebra en Riad, la capital saudita y aborda la agresi\u00f3n israel\u00ed contra Gaza, que &#8220;si no tenemos verdaderas herramientas de presi\u00f3n, entonces cualquier paso o discurso que demos no tendr\u00eda sentido&#8221;.<\/p>\n<p style=\"text-align: justify;\">&#8220;Gaza no es el problema y la causa en s\u00ed sino Palestina. Gaza es una expresi\u00f3n flagrante del sufrimiento del pueblo palestino&#8221;, afirm\u00f3 el mandatario .<\/p>\n<p style=\"text-align: justify;\">Aclar\u00f3 que &#8220;hablar de Gaza de forma separada \u00a0no tiene sentido, ya que es parte de un todo y de 75 a\u00f1os de cr\u00edmenes sionistas&#8221;.<\/p>\n<p style=\"text-align: justify;\">Seg\u00fan consider\u00f3 el Gobernante, 32 a\u00f1os de paz fallida tuvo solo el resultado absoluto e irrefutable de que \u201cIsrael\u201d se volvi\u00f3 m\u00e1s agresivo y la situaci\u00f3n palestina m\u00e1s injusta, opresiva y miserable.<\/p>\n<p style=\"text-align: justify;\">Por otro lado, opin\u00f3 que &#8220;m\u00e1s mansedumbre \u00e1rabe equivale a m\u00e1s ferocidad sionista contra nosotros y que m\u00e1s mano extendida equivale a m\u00e1s masacres&#8221;.<\/p>\n<p style=\"text-align: justify;\">Seg\u00fan afirm\u00f3 el Gobernante, seguir abordando la agresi\u00f3n contra Gaza con el mismo enfoque significa allanar el camino para la culminaci\u00f3n de las masacres hasta la aniquilaci\u00f3n del pueblo palestinos y la muerte de la causa.<\/p>\n<p style=\"text-align: justify;\">Dijo que &#8220;hablar de los dos estados y otros detalles es importante pero no es una prioridad, pues hablar de este tema actualmente ser\u00e1 en vano&#8221;.<\/p>\n<p style=\"text-align: justify;\">&#8220;Hablar de esto no ser\u00e1 fruct\u00edfero y no funcionar\u00e1, porque no hay socio, patrocinador, autoridad ni ley, y porque no es posible recuperar un derecho en un mundo donde el ladr\u00f3n se ha convertido en juez&#8221;, indic\u00f3.<\/p>\n<p style=\"text-align: justify;\">Asimismo, reafirm\u00f3 que el sionismo super\u00f3 a s\u00ed mismo en la barbarie y el asesinato, lo cual nos pone ante responsabilidades sin precedentes, tanto humana como pol\u00edticamente.<\/p>\n<p style=\"text-align: justify;\">Explic\u00f3 que el pueblo palestino no necesita nuestra ayuda humanitaria sino protecci\u00f3n contra el genocidio que se avecina.<\/p>\n<p style=\"text-align: justify;\">&#8220;Lo primero que se debe hacer es detener cualquier trato pol\u00edtico con Israel, ya sea en cuestiones econ\u00f3micas o de otro tipo, de modo que su regreso est\u00e9 condicionado al compromiso de un cese inmediato y de largo plazo de los cr\u00edmenes contra a todos los palestinos en toda Palestina, precis\u00f3 Al-Assad.<\/p>\n<p style=\"text-align: justify;\">La valiente resistencia palestina impuso una nueva realidad en nuestra regi\u00f3n y gracias a ella ya disponemos de las herramientas pol\u00edticas que nos permitan cambiar las ecuaciones, concluy\u00f3.<\/p>\n<p style=\"text-align: justify;\">fm\/ed<\/p>\n","protected":false},"excerpt":{"rendered":"<p>Riad, 11 nov (SANA) El presidente sirio Bashar Al-Assad, afirm\u00f3 en sus palabras pronunciadas en la Cumbre Extraordinaria \u00c1rabe e Isl\u00e1mica, que se celebra en Riad, la capital saudita y aborda la agresi\u00f3n israel\u00ed contra Gaza, que &#8220;si no tenemos verdaderas herramientas de presi\u00f3n, entonces cualquier paso o discurso que demos no tendr\u00eda sentido&#8221;. &#8220;Gaza &hellip;<\/p>\n","protected":false},"author":32,"featured_media":314056,"comment_status":"closed","ping_status":"closed","sticky":false,"template":"","format":"standard","meta":{"footnotes":""},"categories":[597,20724,16237,467,583,626],"tags":[],"class_list":["post-314055","post","type-post","status-publish","format-standard","has-post-thumbnail","","category-cinta-de-noticias","category-minuto-a-minuto","category-presidence-de-la-republique-arabe-syria","category-siria-y-el-mundo","category-slide","category-sr-presidente"],"_links":{"self":[{"href":"https:\/\/archive.sana.sy\/es\/index.php?rest_route=\/wp\/v2\/posts\/314055"}],"collection":[{"href":"https:\/\/archive.sana.sy\/es\/index.php?rest_route=\/wp\/v2\/posts"}],"about":[{"href":"https:\/\/archive.sana.sy\/es\/index.php?rest_route=\/wp\/v2\/types\/post"}],"author":[{"embeddable":true,"href":"https:\/\/archive.sana.sy\/es\/index.php?rest_route=\/wp\/v2\/users\/32"}],"replies":[{"embeddable":true,"href":"https:\/\/archive.sana.sy\/es\/index.php?rest_route=%2Fwp%2Fv2%2Fcomments&post=314055"}],"version-history":[{"count":6,"href":"https:\/\/archive.sana.sy\/es\/index.php?rest_route=\/wp\/v2\/posts\/314055\/revisions"}],"predecessor-version":[{"id":314068,"href":"https:\/\/archive.sana.sy\/es\/index.php?rest_route=\/wp\/v2\/posts\/314055\/revisions\/314068"}],"wp:featuredmedia":[{"embeddable":true,"href":"https:\/\/archive.sana.sy\/es\/index.php?rest_route=\/wp\/v2\/media\/314056"}],"wp:attachment":[{"href":"https:\/\/archive.sana.sy\/es\/index.php?rest_route=%2Fwp%2Fv2%2Fmedia&parent=314055"}],"wp:term":[{"taxonomy":"category","embeddable":true,"href":"https:\/\/archive.sana.sy\/es\/index.php?rest_route=%2Fwp%2Fv2%2Fcategories&post=314055"},{"taxonomy":"post_tag","embeddable":true,"href":"https:\/\/archive.sana.sy\/es\/index.php?rest_route=%2Fwp%2Fv2%2Ftags&post=314055"}],"curies":[{"name":"wp","href":"https:\/\/api.w.org\/{rel}","templated":true}]}}