{"id":314069,"date":"2023-11-11T18:29:47","date_gmt":"2023-11-11T15:29:47","guid":{"rendered":"https:\/\/sana.sy\/es\/?p=314069"},"modified":"2023-11-11T20:20:01","modified_gmt":"2023-11-11T17:20:01","slug":"presidentes-de-siria-y-egipto-se-reunen-en-riad-arabia-saudita","status":"publish","type":"post","link":"https:\/\/archive.sana.sy\/es\/?p=314069","title":{"rendered":"Presidentes de Siria y Egipto se re\u00fanen en Riad\/Arabia Saudita"},"content":{"rendered":"<blockquote>\n<p style=\"text-align: justify;\"><span style=\"color: #993300;\">Los dos presidentes repasaron la situaci\u00f3n en los territorios palestinos ocupados y la agresi\u00f3n israel\u00ed contra la Franja de Gaza, y ratificaron la postura de Siria y Egipto contra la pol\u00edtica de desplazamiento del pueblo palestino en Gaza.<\/span><\/p>\n<\/blockquote>\n<p style=\"text-align: justify;\"><span style=\"color: #800000;\"><strong>Riad, 11 nov (SANA)\u00a0<\/strong><\/span> \u00a0El presidente sirio Bashar Al-Assad, se reuni\u00f3 hoy con su hom\u00f3logo egipcio Abdel Fattah al-Sisi, en Riad, la capital saudita, al margen de la Cumbre \u00c1rabe-Isl\u00e1mica Extraordinaria.<\/p>\n<p style=\"text-align: justify;\">Los dos presidentes repasaron la situaci\u00f3n en los territorios palestinos ocupados y la agresi\u00f3n israel\u00ed contra la Franja de Gaza, y tambi\u00e9n abordaron la situaci\u00f3n en Siria.<\/p>\n<p style=\"text-align: justify;\">Los dos mandatarios destacaron la importancia del trabajo conjunto para apoyar la firmeza del pueblo de Gaza, y ratificaron la postura de Siria y Egipto contra la pol\u00edtica de desplazamiento del pueblo palestino en Gaza.<\/p>\n<p style=\"text-align: justify;\">El presidente Al-Assad consider\u00f3 que la agresi\u00f3n contra Gaza es un nuevo intento israel\u00ed de liquidar la causa palestina.<\/p>\n<p style=\"text-align: justify;\">Por su parte, al-Sisi afirm\u00f3 el rechazo de su pa\u00eds a los intentos israel\u00edes de desplazamiento de los gazat\u00edes.<\/p>\n<p style=\"text-align: justify;\">Expres\u00f3 el apoyo de El Cairo a Siria en su guerra contra el terrorismo y la unidad y soberan\u00eda de Siria sobre todo su territorio.<\/p>\n<div id='gallery-1' class='gallery galleryid-314069 gallery-columns-1 gallery-size-full'><figure class='gallery-item'>\n\t\t\t<div class='gallery-icon landscape'>\n\t\t\t\t<a href='https:\/\/archive.sana.sy\/es\/wp-content\/uploads\/2023\/11\/photo_2023-11-11_18-19-15.jpg'><img loading=\"lazy\" decoding=\"async\" width=\"1193\" height=\"737\" src=\"https:\/\/archive.sana.sy\/es\/wp-content\/uploads\/2023\/11\/photo_2023-11-11_18-19-15.jpg\" class=\"attachment-full size-full\" alt=\"\" srcset=\"https:\/\/archive.sana.sy\/es\/wp-content\/uploads\/2023\/11\/photo_2023-11-11_18-19-15.jpg 1193w, https:\/\/archive.sana.sy\/es\/wp-content\/uploads\/2023\/11\/photo_2023-11-11_18-19-15-300x185.jpg 300w, https:\/\/archive.sana.sy\/es\/wp-content\/uploads\/2023\/11\/photo_2023-11-11_18-19-15-1024x633.jpg 1024w, https:\/\/archive.sana.sy\/es\/wp-content\/uploads\/2023\/11\/photo_2023-11-11_18-19-15-150x93.jpg 150w, https:\/\/archive.sana.sy\/es\/wp-content\/uploads\/2023\/11\/photo_2023-11-11_18-19-15-768x474.jpg 768w\" sizes=\"(max-width: 1193px) 100vw, 1193px\" \/><\/a>\n\t\t\t<\/div><\/figure>\n\t\t<\/div>\n\n<p style=\"text-align: justify;\">fm\/rr<\/p>\n","protected":false},"excerpt":{"rendered":"<p>Los dos presidentes repasaron la situaci\u00f3n en los territorios palestinos ocupados y la agresi\u00f3n israel\u00ed contra la Franja de Gaza, y ratificaron la postura de Siria y Egipto contra la pol\u00edtica de desplazamiento del pueblo palestino en Gaza. Riad, 11 nov (SANA)\u00a0 \u00a0El presidente sirio Bashar Al-Assad, se reuni\u00f3 hoy con su hom\u00f3logo egipcio Abdel &hellip;<\/p>\n","protected":false},"author":31,"featured_media":314071,"comment_status":"closed","ping_status":"closed","sticky":false,"template":"","format":"standard","meta":{"footnotes":""},"categories":[597,16237,467,583],"tags":[8253,6553],"class_list":["post-314069","post","type-post","status-publish","format-standard","has-post-thumbnail","","category-cinta-de-noticias","category-presidence-de-la-republique-arabe-syria","category-siria-y-el-mundo","category-slide","tag-egipto","tag-siria"],"_links":{"self":[{"href":"https:\/\/archive.sana.sy\/es\/index.php?rest_route=\/wp\/v2\/posts\/314069"}],"collection":[{"href":"https:\/\/archive.sana.sy\/es\/index.php?rest_route=\/wp\/v2\/posts"}],"about":[{"href":"https:\/\/archive.sana.sy\/es\/index.php?rest_route=\/wp\/v2\/types\/post"}],"author":[{"embeddable":true,"href":"https:\/\/archive.sana.sy\/es\/index.php?rest_route=\/wp\/v2\/users\/31"}],"replies":[{"embeddable":true,"href":"https:\/\/archive.sana.sy\/es\/index.php?rest_route=%2Fwp%2Fv2%2Fcomments&post=314069"}],"version-history":[{"count":3,"href":"https:\/\/archive.sana.sy\/es\/index.php?rest_route=\/wp\/v2\/posts\/314069\/revisions"}],"predecessor-version":[{"id":314075,"href":"https:\/\/archive.sana.sy\/es\/index.php?rest_route=\/wp\/v2\/posts\/314069\/revisions\/314075"}],"wp:featuredmedia":[{"embeddable":true,"href":"https:\/\/archive.sana.sy\/es\/index.php?rest_route=\/wp\/v2\/media\/314071"}],"wp:attachment":[{"href":"https:\/\/archive.sana.sy\/es\/index.php?rest_route=%2Fwp%2Fv2%2Fmedia&parent=314069"}],"wp:term":[{"taxonomy":"category","embeddable":true,"href":"https:\/\/archive.sana.sy\/es\/index.php?rest_route=%2Fwp%2Fv2%2Fcategories&post=314069"},{"taxonomy":"post_tag","embeddable":true,"href":"https:\/\/archive.sana.sy\/es\/index.php?rest_route=%2Fwp%2Fv2%2Ftags&post=314069"}],"curies":[{"name":"wp","href":"https:\/\/api.w.org\/{rel}","templated":true}]}}