{"id":314076,"date":"2023-11-11T17:20:46","date_gmt":"2023-11-11T14:20:46","guid":{"rendered":"https:\/\/sana.sy\/es\/?p=314076"},"modified":"2023-11-11T21:00:26","modified_gmt":"2023-11-11T18:00:26","slug":"gaza-es-vulnerable-a-la-propagacion-de-epidemias-advierte-oms","status":"publish","type":"post","link":"https:\/\/archive.sana.sy\/es\/?p=314076","title":{"rendered":"Gaza es vulnerable a la propagaci\u00f3n de epidemias, advierte OMS"},"content":{"rendered":"<blockquote>\n<p style=\"text-align: justify;\"><span style=\"color: #993300;\">\u201cDesde el inicio de la guerra el d\u00eda siete del mes pasado, se han registrado 33.551 casos de diarrea en Gaza, la mitad de los cuales en ni\u00f1os menores de cinco a\u00f1os\u201d<\/span><\/p>\n<\/blockquote>\n<p style=\"text-align: justify;\"><span style=\"color: #800000;\"><strong>Ginebra, 11 nov (SANA)<\/strong><\/span>\u00a0 \u00a0La Organizaci\u00f3n Mundial de la Salud (OMS) advirti\u00f3 hoy de que la Franja de Gaza es vulnerable a la propagaci\u00f3n de grandes olas de epidemias, coincidiendo con la continuaci\u00f3n de la agresi\u00f3n israel\u00ed y la restricci\u00f3n de la ayuda humanitaria y de suministros sanitarios a este enclave costero, durante m\u00e1s de 35 d\u00edas.<\/p>\n<p style=\"text-align: justify;\">\u201cHay factores que conducen a la propagaci\u00f3n epidemias, incluido cesar los trabajos de eliminaci\u00f3n de residuos debido a la escasez de combustible, adem\u00e1s de la desnutrici\u00f3n, especialmente entre los ni\u00f1os, por la disminuci\u00f3n de las reservas de alimentos debido a la interrupci\u00f3n del proceso de suministros\u201d, cit\u00f3 la agencia Novosti a la portavoz de la OMS, Margaret Harris.<\/p>\n<p style=\"text-align: justify;\">Agreg\u00f3 que, adem\u00e1s, los pobladores de Gaza se ven obligadas a beber agua no potable debido a la escasez de recursos h\u00eddricos y la falta de un medio para la desalinizaci\u00f3n del agua debido a la falta de combustible.<\/p>\n<p style=\"text-align: justify;\">\u201cDesde el inicio de la guerra el d\u00eda siete del mes pasado, se han registrado 33.551 casos de diarrea en Gaza, la mitad de los cuales en ni\u00f1os menores de cinco a\u00f1os\u201d, se\u00f1al\u00f3.<\/p>\n<p style=\"text-align: justify;\">Afirm\u00f3 que la Franja est\u00e1 presenciando actualmente un gran brote de varicela en ni\u00f1os, adem\u00e1s de casos de erupciones cut\u00e1neas, sarna y piojos debido a las condiciones del asedio y la escasez de detergentes.<\/p>\n<p style=\"text-align: justify;\">\u201cSe registraron en Gaza 54.866 casos de infecciones respiratorias\u201d, detall\u00f3.<\/p>\n<p style=\"text-align: justify;\">Indic\u00f3 que la situaci\u00f3n actual contribuye a la propagaci\u00f3n de la gripe y de diversos resfriados, incluido el nuevo coronavirus, lo que causar\u00eda consecuencias m\u00e1s graves en personas con un sistema inmunol\u00f3gico d\u00e9bil.<\/p>\n<p style=\"text-align: justify;\">rr\/fm<\/p>\n","protected":false},"excerpt":{"rendered":"<p>\u201cDesde el inicio de la guerra el d\u00eda siete del mes pasado, se han registrado 33.551 casos de diarrea en Gaza, la mitad de los cuales en ni\u00f1os menores de cinco a\u00f1os\u201d Ginebra, 11 nov (SANA)\u00a0 \u00a0La Organizaci\u00f3n Mundial de la Salud (OMS) advirti\u00f3 hoy de que la Franja de Gaza es vulnerable a la &hellip;<\/p>\n","protected":false},"author":31,"featured_media":314077,"comment_status":"closed","ping_status":"closed","sticky":false,"template":"","format":"standard","meta":{"footnotes":""},"categories":[597,456,16687],"tags":[11310,12002,1494],"class_list":["post-314076","post","type-post","status-publish","format-standard","has-post-thumbnail","","category-cinta-de-noticias","category-arabe-internacional-politica","category-internacionales","tag-oms","tag-gaza","tag-palestina"],"_links":{"self":[{"href":"https:\/\/archive.sana.sy\/es\/index.php?rest_route=\/wp\/v2\/posts\/314076"}],"collection":[{"href":"https:\/\/archive.sana.sy\/es\/index.php?rest_route=\/wp\/v2\/posts"}],"about":[{"href":"https:\/\/archive.sana.sy\/es\/index.php?rest_route=\/wp\/v2\/types\/post"}],"author":[{"embeddable":true,"href":"https:\/\/archive.sana.sy\/es\/index.php?rest_route=\/wp\/v2\/users\/31"}],"replies":[{"embeddable":true,"href":"https:\/\/archive.sana.sy\/es\/index.php?rest_route=%2Fwp%2Fv2%2Fcomments&post=314076"}],"version-history":[{"count":1,"href":"https:\/\/archive.sana.sy\/es\/index.php?rest_route=\/wp\/v2\/posts\/314076\/revisions"}],"predecessor-version":[{"id":314078,"href":"https:\/\/archive.sana.sy\/es\/index.php?rest_route=\/wp\/v2\/posts\/314076\/revisions\/314078"}],"wp:featuredmedia":[{"embeddable":true,"href":"https:\/\/archive.sana.sy\/es\/index.php?rest_route=\/wp\/v2\/media\/314077"}],"wp:attachment":[{"href":"https:\/\/archive.sana.sy\/es\/index.php?rest_route=%2Fwp%2Fv2%2Fmedia&parent=314076"}],"wp:term":[{"taxonomy":"category","embeddable":true,"href":"https:\/\/archive.sana.sy\/es\/index.php?rest_route=%2Fwp%2Fv2%2Fcategories&post=314076"},{"taxonomy":"post_tag","embeddable":true,"href":"https:\/\/archive.sana.sy\/es\/index.php?rest_route=%2Fwp%2Fv2%2Ftags&post=314076"}],"curies":[{"name":"wp","href":"https:\/\/api.w.org\/{rel}","templated":true}]}}