{"id":314083,"date":"2023-11-11T20:47:30","date_gmt":"2023-11-11T17:47:30","guid":{"rendered":"https:\/\/sana.sy\/es\/?p=314083"},"modified":"2023-11-11T20:47:30","modified_gmt":"2023-11-11T17:47:30","slug":"declaracion-final-de-la-cumbre-arabe-islamica-llama-a-la-corte-penal-internacional-a-investigar-los-crimenes-de-israel","status":"publish","type":"post","link":"https:\/\/archive.sana.sy\/es\/?p=314083","title":{"rendered":"Declaraci\u00f3n final de la Cumbre \u00c1rabe-Isl\u00e1mica llama a la Corte Penal Internacional a investigar los cr\u00edmenes de \u201cIsrael\u201d"},"content":{"rendered":"<p style=\"text-align: justify;\"><span style=\"color: #800000;\"><strong>Riad, 11 nov (SANA)\u00a0<\/strong><\/span> \u00a0<strong>Los puntos clave de la declaraci\u00f3n final de la Cumbre Extraordinaria \u00c1rabe-isl\u00e1mica:<\/strong><\/p>\n<p style=\"text-align: justify;\">-Exigir un cese inmediato de la agresi\u00f3n israel\u00ed contra la Franja de Gaza y pedir romper el asedio e imponer el ingreso inmediato de ayuda humanitaria \u00e1rabe, isl\u00e1mica e internacional.<\/p>\n<p style=\"text-align: justify;\">-Afirmamos la centralidad de la cuesti\u00f3n palestina y el apoyo con todas las capacidades al pueblo palestino.<\/p>\n<p style=\"text-align: justify;\">-Llamamos a la Corte Penal Internacional a investigar los cr\u00edmenes de guerra cometidos por \u201cIsrael\u201d contra el pueblo palestino.<\/p>\n<p style=\"text-align: justify;\">-Crear dos unidades de monitoreo medi\u00e1tico para documentar los cr\u00edmenes de las autoridades de ocupaci\u00f3n israel\u00edes contra el pueblo palestino, y plataformas digitales publiquen y desvelan las pr\u00e1cticas de ocupaci\u00f3n ilegales e inhumanas.<\/p>\n<p style=\"text-align: justify;\">-Formar una comisi\u00f3n compuesta por varios ministros de Asuntos Exteriores para trabajar en la transmisi\u00f3n de la posici\u00f3n de los l\u00edderes de los pa\u00edses \u00e1rabes e isl\u00e1micos a la comunidad internacional, y acelerar el fin de la guerra israel\u00ed en la Franja de Gaza y aliviar el sufrimiento del pueblo palestino.<\/p>\n<p style=\"text-align: justify;\">-Llamar al Consejo de Seguridad a tomar una decisi\u00f3n decisiva y vinculante que imponga un cese de la agresi\u00f3n y frene la autoridad de ocupaci\u00f3n colonial que viola el derecho internacional y las resoluciones de legitimidad internacional.<\/p>\n<p style=\"text-align: justify;\">-Llamar a todos los pa\u00edses a que dejen de exportar armas y municiones a Israel porque est\u00e1n siendo usadas para matar al pueblo palestino y destruir sus hogares, hospitales, escuelas, mezquitas, iglesias y todas sus capacidades.<\/p>\n<p style=\"text-align: justify;\">fm\/rr<\/p>\n","protected":false},"excerpt":{"rendered":"<p>Riad, 11 nov (SANA)\u00a0 \u00a0Los puntos clave de la declaraci\u00f3n final de la Cumbre Extraordinaria \u00c1rabe-isl\u00e1mica: -Exigir un cese inmediato de la agresi\u00f3n israel\u00ed contra la Franja de Gaza y pedir romper el asedio e imponer el ingreso inmediato de ayuda humanitaria \u00e1rabe, isl\u00e1mica e internacional. -Afirmamos la centralidad de la cuesti\u00f3n palestina y el &hellip;<\/p>\n","protected":false},"author":31,"featured_media":314084,"comment_status":"closed","ping_status":"closed","sticky":false,"template":"","format":"standard","meta":{"footnotes":""},"categories":[597,467,7541],"tags":[20333,12002,1494,6553],"class_list":["post-314083","post","type-post","status-publish","format-standard","has-post-thumbnail","","category-cinta-de-noticias","category-siria-y-el-mundo","category-ultimas-noticias","tag-cumbre-arabe","tag-gaza","tag-palestina","tag-siria"],"_links":{"self":[{"href":"https:\/\/archive.sana.sy\/es\/index.php?rest_route=\/wp\/v2\/posts\/314083"}],"collection":[{"href":"https:\/\/archive.sana.sy\/es\/index.php?rest_route=\/wp\/v2\/posts"}],"about":[{"href":"https:\/\/archive.sana.sy\/es\/index.php?rest_route=\/wp\/v2\/types\/post"}],"author":[{"embeddable":true,"href":"https:\/\/archive.sana.sy\/es\/index.php?rest_route=\/wp\/v2\/users\/31"}],"replies":[{"embeddable":true,"href":"https:\/\/archive.sana.sy\/es\/index.php?rest_route=%2Fwp%2Fv2%2Fcomments&post=314083"}],"version-history":[{"count":1,"href":"https:\/\/archive.sana.sy\/es\/index.php?rest_route=\/wp\/v2\/posts\/314083\/revisions"}],"predecessor-version":[{"id":314085,"href":"https:\/\/archive.sana.sy\/es\/index.php?rest_route=\/wp\/v2\/posts\/314083\/revisions\/314085"}],"wp:featuredmedia":[{"embeddable":true,"href":"https:\/\/archive.sana.sy\/es\/index.php?rest_route=\/wp\/v2\/media\/314084"}],"wp:attachment":[{"href":"https:\/\/archive.sana.sy\/es\/index.php?rest_route=%2Fwp%2Fv2%2Fmedia&parent=314083"}],"wp:term":[{"taxonomy":"category","embeddable":true,"href":"https:\/\/archive.sana.sy\/es\/index.php?rest_route=%2Fwp%2Fv2%2Fcategories&post=314083"},{"taxonomy":"post_tag","embeddable":true,"href":"https:\/\/archive.sana.sy\/es\/index.php?rest_route=%2Fwp%2Fv2%2Ftags&post=314083"}],"curies":[{"name":"wp","href":"https:\/\/api.w.org\/{rel}","templated":true}]}}