{"id":314141,"date":"2023-11-13T11:25:40","date_gmt":"2023-11-13T08:25:40","guid":{"rendered":"https:\/\/sana.sy\/es\/?p=314141"},"modified":"2023-11-13T13:07:50","modified_gmt":"2023-11-13T10:07:50","slug":"minuto-a-minuto-de-la-operacion-diluvio-de-al-aqsa-en-su-trigesimo-octavo-dia","status":"publish","type":"post","link":"https:\/\/archive.sana.sy\/es\/?p=314141","title":{"rendered":"Minuto a minuto de la operaci\u00f3n \u201cDiluvio de al-Aqsa\u201d en su trig\u00e9simo octavo d\u00eda"},"content":{"rendered":"<p style=\"text-align: justify;\"><span style=\"color: #800000;\"><strong>Jerusal\u00e9n ocupada, 13 nov (SANA)<\/strong> <\/span><strong>Los acontecimientos m\u00e1s destacados de la Operaci\u00f3n \u201cDiluvio de al-Aqsa\u201d lanzada por la resistencia palestina en respuesta a los ataques del ocupante israel\u00ed en su trig\u00e9simo octavo d\u00eda :<\/strong><\/p>\n<p style=\"text-align: justify;\">???????? Siete enfermos palestinos fallecieron debido a la falta de ox\u00edgeno, lo que eleva a 20 la cifra de pacientes muertos en Hospital Al-Shifa en Gaza, informa el Ministerio de Salud palestino.<\/p>\n<p style=\"text-align: justify;\">????????Ministerio de Salud palestino: La vida de 36 beb\u00e9s palestinos sigue en peligro, por la falta de alimentos en el Hospital Al-Shifa, que est\u00e1 bloqueado por las fuerzas israel\u00edes.<\/p>\n<p style=\"text-align: justify;\">???????? Medios israel\u00edes reconocen la muerte de de un oficial y un soldado de las unidades de comando del ej\u00e9rcito de ocupaci\u00f3n durante los enfrentamientos con la resistencia palestina en el norte de la Franja de Gaza.<\/p>\n<p style=\"text-align: justify;\">???????? 39 beb\u00e9s palestinos siguen en estado cr\u00edtico y sus vidas corren peligro, y las enfermeras recurren a la respiraci\u00f3n artificial manual para mantenerlos con vida, nos informan desde el hospital Al-Shifa.<\/p>\n<p style=\"text-align: justify;\">???????? Reportan bombardeo con 15 cohetes contra la base militar de Estados Unidos instalada en el campo gas\u00edfero de Koniko en el norte de la provincia oriental siria de Deir Ezzor.<\/p>\n","protected":false},"excerpt":{"rendered":"<p>Jerusal\u00e9n ocupada, 13 nov (SANA) Los acontecimientos m\u00e1s destacados de la Operaci\u00f3n \u201cDiluvio de al-Aqsa\u201d lanzada por la resistencia palestina en respuesta a los ataques del ocupante israel\u00ed en su trig\u00e9simo octavo d\u00eda : ???????? Siete enfermos palestinos fallecieron debido a la falta de ox\u00edgeno, lo que eleva a 20 la cifra de pacientes muertos &hellip;<\/p>\n","protected":false},"author":42,"featured_media":314142,"comment_status":"closed","ping_status":"closed","sticky":false,"template":"","format":"standard","meta":{"footnotes":""},"categories":[597,456,16687,20724,583],"tags":[],"class_list":["post-314141","post","type-post","status-publish","format-standard","has-post-thumbnail","","category-cinta-de-noticias","category-arabe-internacional-politica","category-internacionales","category-minuto-a-minuto","category-slide"],"_links":{"self":[{"href":"https:\/\/archive.sana.sy\/es\/index.php?rest_route=\/wp\/v2\/posts\/314141"}],"collection":[{"href":"https:\/\/archive.sana.sy\/es\/index.php?rest_route=\/wp\/v2\/posts"}],"about":[{"href":"https:\/\/archive.sana.sy\/es\/index.php?rest_route=\/wp\/v2\/types\/post"}],"author":[{"embeddable":true,"href":"https:\/\/archive.sana.sy\/es\/index.php?rest_route=\/wp\/v2\/users\/42"}],"replies":[{"embeddable":true,"href":"https:\/\/archive.sana.sy\/es\/index.php?rest_route=%2Fwp%2Fv2%2Fcomments&post=314141"}],"version-history":[{"count":2,"href":"https:\/\/archive.sana.sy\/es\/index.php?rest_route=\/wp\/v2\/posts\/314141\/revisions"}],"predecessor-version":[{"id":314155,"href":"https:\/\/archive.sana.sy\/es\/index.php?rest_route=\/wp\/v2\/posts\/314141\/revisions\/314155"}],"wp:featuredmedia":[{"embeddable":true,"href":"https:\/\/archive.sana.sy\/es\/index.php?rest_route=\/wp\/v2\/media\/314142"}],"wp:attachment":[{"href":"https:\/\/archive.sana.sy\/es\/index.php?rest_route=%2Fwp%2Fv2%2Fmedia&parent=314141"}],"wp:term":[{"taxonomy":"category","embeddable":true,"href":"https:\/\/archive.sana.sy\/es\/index.php?rest_route=%2Fwp%2Fv2%2Fcategories&post=314141"},{"taxonomy":"post_tag","embeddable":true,"href":"https:\/\/archive.sana.sy\/es\/index.php?rest_route=%2Fwp%2Fv2%2Ftags&post=314141"}],"curies":[{"name":"wp","href":"https:\/\/api.w.org\/{rel}","templated":true}]}}