{"id":314152,"date":"2023-11-13T13:03:18","date_gmt":"2023-11-13T10:03:18","guid":{"rendered":"https:\/\/sana.sy\/es\/?p=314152"},"modified":"2023-11-13T13:03:18","modified_gmt":"2023-11-13T10:03:18","slug":"arrestan-a-estudiantes-universitarios-estadounidenses-por-su-oposicion-a-la-agresion-israeli-en-gaza","status":"publish","type":"post","link":"https:\/\/archive.sana.sy\/es\/?p=314152","title":{"rendered":"Arrestan a estudiantes universitarios estadounidenses por su oposici\u00f3n a la agresi\u00f3n israel\u00ed en Gaza"},"content":{"rendered":"<p style=\"text-align: justify;\"><span style=\"color: #800000;\"><strong>Nueva York, 13 nov (SANA) <\/strong><\/span>Las autoridades estadounidenses iniciaron una campa\u00f1a de detenciones masivas contra estudiantes universitarios que denunciaron los cr\u00edmenes del ocupante israel\u00ed en Gaza.<\/p>\n<p style=\"text-align: justify;\">The Associated Press difundi\u00f3 que la polic\u00eda norteamericana arrest\u00f3 a siete j\u00f3venes de la Universidad de Brandeis y otros 24 durante una protesta organizada por estudiantes de la Universidad Brown, en el estado de Rhode Island.<\/p>\n<p style=\"text-align: justify;\">El Instituto de Tecnolog\u00eda de Massachusetts (MIT) fue testigo de protestas contra la agresi\u00f3n israel\u00ed, lo cual llev\u00f3 la administraci\u00f3n del Instituto a despedir a un gran n\u00famero de estudiantes.<\/p>\n<p style=\"text-align: justify;\">Muchas capitales de pa\u00edses \u00e1rabes y extranjeros fueron testigos de manifestaciones masivas en apoyo al pueblo palestino y condena a la actual agresi\u00f3n israel\u00ed contra Gaza.<\/p>\n<p style=\"text-align: justify;\">as\/fm<\/p>\n","protected":false},"excerpt":{"rendered":"<p>Nueva York, 13 nov (SANA) Las autoridades estadounidenses iniciaron una campa\u00f1a de detenciones masivas contra estudiantes universitarios que denunciaron los cr\u00edmenes del ocupante israel\u00ed en Gaza. The Associated Press difundi\u00f3 que la polic\u00eda norteamericana arrest\u00f3 a siete j\u00f3venes de la Universidad de Brandeis y otros 24 durante una protesta organizada por estudiantes de la Universidad &hellip;<\/p>\n","protected":false},"author":42,"featured_media":314153,"comment_status":"closed","ping_status":"closed","sticky":false,"template":"","format":"standard","meta":{"footnotes":""},"categories":[597,456,16687,20724,7541],"tags":[],"class_list":["post-314152","post","type-post","status-publish","format-standard","has-post-thumbnail","","category-cinta-de-noticias","category-arabe-internacional-politica","category-internacionales","category-minuto-a-minuto","category-ultimas-noticias"],"_links":{"self":[{"href":"https:\/\/archive.sana.sy\/es\/index.php?rest_route=\/wp\/v2\/posts\/314152"}],"collection":[{"href":"https:\/\/archive.sana.sy\/es\/index.php?rest_route=\/wp\/v2\/posts"}],"about":[{"href":"https:\/\/archive.sana.sy\/es\/index.php?rest_route=\/wp\/v2\/types\/post"}],"author":[{"embeddable":true,"href":"https:\/\/archive.sana.sy\/es\/index.php?rest_route=\/wp\/v2\/users\/42"}],"replies":[{"embeddable":true,"href":"https:\/\/archive.sana.sy\/es\/index.php?rest_route=%2Fwp%2Fv2%2Fcomments&post=314152"}],"version-history":[{"count":1,"href":"https:\/\/archive.sana.sy\/es\/index.php?rest_route=\/wp\/v2\/posts\/314152\/revisions"}],"predecessor-version":[{"id":314154,"href":"https:\/\/archive.sana.sy\/es\/index.php?rest_route=\/wp\/v2\/posts\/314152\/revisions\/314154"}],"wp:featuredmedia":[{"embeddable":true,"href":"https:\/\/archive.sana.sy\/es\/index.php?rest_route=\/wp\/v2\/media\/314153"}],"wp:attachment":[{"href":"https:\/\/archive.sana.sy\/es\/index.php?rest_route=%2Fwp%2Fv2%2Fmedia&parent=314152"}],"wp:term":[{"taxonomy":"category","embeddable":true,"href":"https:\/\/archive.sana.sy\/es\/index.php?rest_route=%2Fwp%2Fv2%2Fcategories&post=314152"},{"taxonomy":"post_tag","embeddable":true,"href":"https:\/\/archive.sana.sy\/es\/index.php?rest_route=%2Fwp%2Fv2%2Ftags&post=314152"}],"curies":[{"name":"wp","href":"https:\/\/api.w.org\/{rel}","templated":true}]}}