{"id":314156,"date":"2023-11-13T13:12:52","date_gmt":"2023-11-13T10:12:52","guid":{"rendered":"https:\/\/sana.sy\/es\/?p=314156"},"modified":"2023-11-13T13:13:04","modified_gmt":"2023-11-13T10:13:04","slug":"el-mundo-no-puede-permanecer-callado-ante-los-ataques-contra-los-hospitales-en-gaza-afirma-la-oms","status":"publish","type":"post","link":"https:\/\/archive.sana.sy\/es\/?p=314156","title":{"rendered":"El mundo no puede permanecer callado ante los ataques contra los hospitales en Gaza, afirma la OMS"},"content":{"rendered":"<p style=\"text-align: justify;\"><strong><span style=\"color: #800000;\">Ginebra, 11 nov (SANA)\u00a0<\/span> \u00a0<\/strong>El director general de la Organizaci\u00f3n Mundial de Salud (OMS), Tedros Adhanom Ghebreyesus, pidi\u00f3 el cese inmediato de la agresi\u00f3n israel\u00ed contra la Franja de Gaza.<\/p>\n<p style=\"text-align: justify;\">Se\u00f1al\u00f3 que el mundo no puede permanecer en silencio mientras los hospitales se convierten en escenarios de muerte, destrucci\u00f3n y desesperaci\u00f3n.<\/p>\n<p style=\"text-align: justify;\">&#8220;La situaci\u00f3n en el Complejo M\u00e9dico Al-Shifa en Gaza es peligrosa, y han pasado tres d\u00edas sin electricidad ni agua ni Internet, lo que ha afectado gravemente nuestra capacidad de brindar atenci\u00f3n b\u00e1sica\u201d, dijo el titular de OMS en la plataforma X.<\/p>\n<p style=\"text-align: justify;\">&#8220;Los continuos bombardeos en Gaza han exacerbado las condiciones que de antemano son cr\u00edticas, y es lamentable que el n\u00famero de muertos entre los pacientes haya aumentado significativamente, y que el hospital ya no funcione como tal\u201d, agreg\u00f3.<\/p>\n<p style=\"text-align: justify;\">El funcionario aclar\u00f3 que el mundo no puede permanecer en silencio mientras hospitales que deber\u00edan ser refugios seguros se conviertan en escenarios de muerte, destrucci\u00f3n y desesperaci\u00f3n, y llam\u00f3 a un alto el fuego inmediato.<\/p>\n<p style=\"text-align: justify;\">\u00a0ed\/fm<\/p>\n","protected":false},"excerpt":{"rendered":"<p>Ginebra, 11 nov (SANA)\u00a0 \u00a0El director general de la Organizaci\u00f3n Mundial de Salud (OMS), Tedros Adhanom Ghebreyesus, pidi\u00f3 el cese inmediato de la agresi\u00f3n israel\u00ed contra la Franja de Gaza. Se\u00f1al\u00f3 que el mundo no puede permanecer en silencio mientras los hospitales se convierten en escenarios de muerte, destrucci\u00f3n y desesperaci\u00f3n. &#8220;La situaci\u00f3n en el &hellip;<\/p>\n","protected":false},"author":32,"featured_media":314157,"comment_status":"closed","ping_status":"closed","sticky":false,"template":"","format":"standard","meta":{"footnotes":""},"categories":[597,456,16687,20724,7541],"tags":[],"class_list":["post-314156","post","type-post","status-publish","format-standard","has-post-thumbnail","","category-cinta-de-noticias","category-arabe-internacional-politica","category-internacionales","category-minuto-a-minuto","category-ultimas-noticias"],"_links":{"self":[{"href":"https:\/\/archive.sana.sy\/es\/index.php?rest_route=\/wp\/v2\/posts\/314156"}],"collection":[{"href":"https:\/\/archive.sana.sy\/es\/index.php?rest_route=\/wp\/v2\/posts"}],"about":[{"href":"https:\/\/archive.sana.sy\/es\/index.php?rest_route=\/wp\/v2\/types\/post"}],"author":[{"embeddable":true,"href":"https:\/\/archive.sana.sy\/es\/index.php?rest_route=\/wp\/v2\/users\/32"}],"replies":[{"embeddable":true,"href":"https:\/\/archive.sana.sy\/es\/index.php?rest_route=%2Fwp%2Fv2%2Fcomments&post=314156"}],"version-history":[{"count":2,"href":"https:\/\/archive.sana.sy\/es\/index.php?rest_route=\/wp\/v2\/posts\/314156\/revisions"}],"predecessor-version":[{"id":314159,"href":"https:\/\/archive.sana.sy\/es\/index.php?rest_route=\/wp\/v2\/posts\/314156\/revisions\/314159"}],"wp:featuredmedia":[{"embeddable":true,"href":"https:\/\/archive.sana.sy\/es\/index.php?rest_route=\/wp\/v2\/media\/314157"}],"wp:attachment":[{"href":"https:\/\/archive.sana.sy\/es\/index.php?rest_route=%2Fwp%2Fv2%2Fmedia&parent=314156"}],"wp:term":[{"taxonomy":"category","embeddable":true,"href":"https:\/\/archive.sana.sy\/es\/index.php?rest_route=%2Fwp%2Fv2%2Fcategories&post=314156"},{"taxonomy":"post_tag","embeddable":true,"href":"https:\/\/archive.sana.sy\/es\/index.php?rest_route=%2Fwp%2Fv2%2Ftags&post=314156"}],"curies":[{"name":"wp","href":"https:\/\/api.w.org\/{rel}","templated":true}]}}