{"id":314187,"date":"2023-11-13T14:22:38","date_gmt":"2023-11-13T11:22:38","guid":{"rendered":"https:\/\/sana.sy\/es\/?p=314187"},"modified":"2023-11-13T14:22:38","modified_gmt":"2023-11-13T11:22:38","slug":"cruz-roja-exige-proteccion-a-civiles-en-gaza","status":"publish","type":"post","link":"https:\/\/archive.sana.sy\/es\/?p=314187","title":{"rendered":"Cruz Roja exige protecci\u00f3n a civiles en Gaza"},"content":{"rendered":"<blockquote>\n<p style=\"text-align: justify;\"><span style=\"color: #993300;\">&#8220;M\u00e1s de cien mil desplazados carecen de necesidades como refugio, alimentos, agua y suministros de higiene&#8221;<\/span><\/p>\n<\/blockquote>\n<p style=\"text-align: justify;\"><span style=\"color: #800000;\"><strong>Jerusal\u00e9n ocupada, 13 nov (SANA)<\/strong><\/span> El Comit\u00e9 Internacional de la Cruz Roja (CICR) reclam\u00f3 la protecci\u00f3n de los civiles atrapados en la Franja de Gaza por las bombas israel\u00edes y alert\u00f3 sobre la grave situaci\u00f3n humanitaria que enfrentan millones de palestinos.<\/p>\n<p style=\"text-align: justify;\">Las hostilidades en zonas urbanas densamente pobladas, incluidas \u00e1reas cercanas a hospitales, ponen en peligro las vidas de los grupos m\u00e1s vulnerables, incluidos trabajadores de salud, enfermos, heridos, ni\u00f1os, personas con discapacidades y ancianos, subray\u00f3 el organismo en un comunicado citado por Prensa Latina.<\/p>\n<p style=\"text-align: justify;\">M\u00e1s de cien mil desplazados carecen de necesidades como refugio, alimentos, agua y suministros de higiene, apunt\u00f3.<\/p>\n<p style=\"text-align: justify;\">El CICR asegur\u00f3 que la situaci\u00f3n se est\u00e1 acercando r\u00e1pidamente al borde de una cat\u00e1strofe humanitaria.<\/p>\n<p style=\"text-align: justify;\">Se trata de una tragedia humana insoportable que se desarrolla ante nuestros ojos, expres\u00f3 William Schomberg, director de la subdelegaci\u00f3n del CICR en la Franja de Gaza.<\/p>\n<p style=\"text-align: justify;\">fm\/as<\/p>\n","protected":false},"excerpt":{"rendered":"<p>&#8220;M\u00e1s de cien mil desplazados carecen de necesidades como refugio, alimentos, agua y suministros de higiene&#8221; Jerusal\u00e9n ocupada, 13 nov (SANA) El Comit\u00e9 Internacional de la Cruz Roja (CICR) reclam\u00f3 la protecci\u00f3n de los civiles atrapados en la Franja de Gaza por las bombas israel\u00edes y alert\u00f3 sobre la grave situaci\u00f3n humanitaria que enfrentan millones &hellip;<\/p>\n","protected":false},"author":42,"featured_media":314188,"comment_status":"closed","ping_status":"closed","sticky":false,"template":"","format":"standard","meta":{"footnotes":""},"categories":[597,456,16687,20724,7541],"tags":[],"class_list":["post-314187","post","type-post","status-publish","format-standard","has-post-thumbnail","","category-cinta-de-noticias","category-arabe-internacional-politica","category-internacionales","category-minuto-a-minuto","category-ultimas-noticias"],"_links":{"self":[{"href":"https:\/\/archive.sana.sy\/es\/index.php?rest_route=\/wp\/v2\/posts\/314187"}],"collection":[{"href":"https:\/\/archive.sana.sy\/es\/index.php?rest_route=\/wp\/v2\/posts"}],"about":[{"href":"https:\/\/archive.sana.sy\/es\/index.php?rest_route=\/wp\/v2\/types\/post"}],"author":[{"embeddable":true,"href":"https:\/\/archive.sana.sy\/es\/index.php?rest_route=\/wp\/v2\/users\/42"}],"replies":[{"embeddable":true,"href":"https:\/\/archive.sana.sy\/es\/index.php?rest_route=%2Fwp%2Fv2%2Fcomments&post=314187"}],"version-history":[{"count":1,"href":"https:\/\/archive.sana.sy\/es\/index.php?rest_route=\/wp\/v2\/posts\/314187\/revisions"}],"predecessor-version":[{"id":314189,"href":"https:\/\/archive.sana.sy\/es\/index.php?rest_route=\/wp\/v2\/posts\/314187\/revisions\/314189"}],"wp:featuredmedia":[{"embeddable":true,"href":"https:\/\/archive.sana.sy\/es\/index.php?rest_route=\/wp\/v2\/media\/314188"}],"wp:attachment":[{"href":"https:\/\/archive.sana.sy\/es\/index.php?rest_route=%2Fwp%2Fv2%2Fmedia&parent=314187"}],"wp:term":[{"taxonomy":"category","embeddable":true,"href":"https:\/\/archive.sana.sy\/es\/index.php?rest_route=%2Fwp%2Fv2%2Fcategories&post=314187"},{"taxonomy":"post_tag","embeddable":true,"href":"https:\/\/archive.sana.sy\/es\/index.php?rest_route=%2Fwp%2Fv2%2Ftags&post=314187"}],"curies":[{"name":"wp","href":"https:\/\/api.w.org\/{rel}","templated":true}]}}