{"id":314261,"date":"2023-11-14T11:53:54","date_gmt":"2023-11-14T08:53:54","guid":{"rendered":"https:\/\/sana.sy\/es\/?p=314261"},"modified":"2023-11-14T11:53:54","modified_gmt":"2023-11-14T08:53:54","slug":"israel-mata-a-los-inocentes-en-gaza-afirma-lula-da-silva","status":"publish","type":"post","link":"https:\/\/archive.sana.sy\/es\/?p=314261","title":{"rendered":"&#8220;Israel&#8221; mata a los inocentes en Gaza, afirma Lula da Silva"},"content":{"rendered":"<p style=\"text-align: justify;\"><span style=\"color: #800000;\"><strong>Brasilia, 14 nov (SANA) <\/strong><\/span>El presidente brasile\u00f1o Luiz In\u00e1cio Lula da Silva, consider\u00f3 que el ocupante israel\u00ed mata a los inocentes en la Franja de Gaza sin respetar ninguna norma.<\/p>\n<p style=\"text-align: justify;\">\u201cIsrael lanza bombas contra lugares que albergan ni\u00f1os como los hospitales, con el pretexto de que hay terroristas y esto es inexplicable, las mujeres y los ni\u00f1os deben estar a salvo\u201d, dijo Lula, durante una ceremonia oficial, citado por AFP.<\/p>\n<p style=\"text-align: justify;\">Las cifras de mujeres y ni\u00f1os muertos no tiene precedentes, agreg\u00f3.<\/p>\n<p style=\"text-align: justify;\">El asesor de Lula da Silva, Celso Amorim, dijo el jueves pasado durante una conferencia en Par\u00eds, que apoya un alto el fuego y consider\u00f3 que el n\u00famero de v\u00edctimas de la actual agresi\u00f3n fascista israel\u00ed contra la Franja de Gaza evidencia que &#8220;Israel&#8221; est\u00e1 lanzando una guerra de exterminio contra los palestinos.<\/p>\n<p style=\"text-align: justify;\">as\/fm<\/p>\n","protected":false},"excerpt":{"rendered":"<p>Brasilia, 14 nov (SANA) El presidente brasile\u00f1o Luiz In\u00e1cio Lula da Silva, consider\u00f3 que el ocupante israel\u00ed mata a los inocentes en la Franja de Gaza sin respetar ninguna norma. \u201cIsrael lanza bombas contra lugares que albergan ni\u00f1os como los hospitales, con el pretexto de que hay terroristas y esto es inexplicable, las mujeres y &hellip;<\/p>\n","protected":false},"author":42,"featured_media":314262,"comment_status":"closed","ping_status":"closed","sticky":false,"template":"","format":"standard","meta":{"footnotes":""},"categories":[597,456,16687,20724,7541],"tags":[],"class_list":["post-314261","post","type-post","status-publish","format-standard","has-post-thumbnail","","category-cinta-de-noticias","category-arabe-internacional-politica","category-internacionales","category-minuto-a-minuto","category-ultimas-noticias"],"_links":{"self":[{"href":"https:\/\/archive.sana.sy\/es\/index.php?rest_route=\/wp\/v2\/posts\/314261"}],"collection":[{"href":"https:\/\/archive.sana.sy\/es\/index.php?rest_route=\/wp\/v2\/posts"}],"about":[{"href":"https:\/\/archive.sana.sy\/es\/index.php?rest_route=\/wp\/v2\/types\/post"}],"author":[{"embeddable":true,"href":"https:\/\/archive.sana.sy\/es\/index.php?rest_route=\/wp\/v2\/users\/42"}],"replies":[{"embeddable":true,"href":"https:\/\/archive.sana.sy\/es\/index.php?rest_route=%2Fwp%2Fv2%2Fcomments&post=314261"}],"version-history":[{"count":1,"href":"https:\/\/archive.sana.sy\/es\/index.php?rest_route=\/wp\/v2\/posts\/314261\/revisions"}],"predecessor-version":[{"id":314263,"href":"https:\/\/archive.sana.sy\/es\/index.php?rest_route=\/wp\/v2\/posts\/314261\/revisions\/314263"}],"wp:featuredmedia":[{"embeddable":true,"href":"https:\/\/archive.sana.sy\/es\/index.php?rest_route=\/wp\/v2\/media\/314262"}],"wp:attachment":[{"href":"https:\/\/archive.sana.sy\/es\/index.php?rest_route=%2Fwp%2Fv2%2Fmedia&parent=314261"}],"wp:term":[{"taxonomy":"category","embeddable":true,"href":"https:\/\/archive.sana.sy\/es\/index.php?rest_route=%2Fwp%2Fv2%2Fcategories&post=314261"},{"taxonomy":"post_tag","embeddable":true,"href":"https:\/\/archive.sana.sy\/es\/index.php?rest_route=%2Fwp%2Fv2%2Ftags&post=314261"}],"curies":[{"name":"wp","href":"https:\/\/api.w.org\/{rel}","templated":true}]}}