{"id":314273,"date":"2023-11-14T14:25:26","date_gmt":"2023-11-14T11:25:26","guid":{"rendered":"https:\/\/sana.sy\/es\/?p=314273"},"modified":"2023-11-14T14:26:07","modified_gmt":"2023-11-14T11:26:07","slug":"consejo-mundial-de-iglesias-exige-alto-el-fuego-inmediato-en-gaza","status":"publish","type":"post","link":"https:\/\/archive.sana.sy\/es\/?p=314273","title":{"rendered":"Consejo Mundial de Iglesias exige alto el fuego inmediato en Gaza"},"content":{"rendered":"<p style=\"text-align: justify;\"><span style=\"color: #800000;\"><strong>Abuja, 14 nov (SANA)<\/strong><\/span> El Consejo Mundial de Iglesias exigi\u00f3 un cese del fuego inmediato en la Franja de Gaza y la apertura de corredores humanitarios.<\/p>\n<p style=\"text-align: justify;\">&#8220;Anhelamos la paz, justicia y el fin de la espiral de violencia y el sufrimiento, y advertimos de las consecuencias del prolongado y horrible trauma que afecta a los ni\u00f1os\u201d, afirm\u00f3 el Comit\u00e9 Ejecutivo del Consejo reunido en Abuja, la capital nigeriana.<\/p>\n<p style=\"text-align: justify;\">El Comit\u00e9 pidi\u00f3 que se entregue la ayuda humanitaria sin trabas, incluido el agua, alimentos, asistencia m\u00e9dica y combustible, adem\u00e1s de la recuperaci\u00f3n de los servicios de electricidad e internet, en Gaza.<\/p>\n<p style=\"text-align: justify;\">lo\/fm<\/p>\n","protected":false},"excerpt":{"rendered":"<p>Abuja, 14 nov (SANA) El Consejo Mundial de Iglesias exigi\u00f3 un cese del fuego inmediato en la Franja de Gaza y la apertura de corredores humanitarios. &#8220;Anhelamos la paz, justicia y el fin de la espiral de violencia y el sufrimiento, y advertimos de las consecuencias del prolongado y horrible trauma que afecta a los &hellip;<\/p>\n","protected":false},"author":42,"featured_media":314274,"comment_status":"closed","ping_status":"closed","sticky":false,"template":"","format":"standard","meta":{"footnotes":""},"categories":[597,456,16687,7541],"tags":[],"class_list":["post-314273","post","type-post","status-publish","format-standard","has-post-thumbnail","","category-cinta-de-noticias","category-arabe-internacional-politica","category-internacionales","category-ultimas-noticias"],"_links":{"self":[{"href":"https:\/\/archive.sana.sy\/es\/index.php?rest_route=\/wp\/v2\/posts\/314273"}],"collection":[{"href":"https:\/\/archive.sana.sy\/es\/index.php?rest_route=\/wp\/v2\/posts"}],"about":[{"href":"https:\/\/archive.sana.sy\/es\/index.php?rest_route=\/wp\/v2\/types\/post"}],"author":[{"embeddable":true,"href":"https:\/\/archive.sana.sy\/es\/index.php?rest_route=\/wp\/v2\/users\/42"}],"replies":[{"embeddable":true,"href":"https:\/\/archive.sana.sy\/es\/index.php?rest_route=%2Fwp%2Fv2%2Fcomments&post=314273"}],"version-history":[{"count":2,"href":"https:\/\/archive.sana.sy\/es\/index.php?rest_route=\/wp\/v2\/posts\/314273\/revisions"}],"predecessor-version":[{"id":314276,"href":"https:\/\/archive.sana.sy\/es\/index.php?rest_route=\/wp\/v2\/posts\/314273\/revisions\/314276"}],"wp:featuredmedia":[{"embeddable":true,"href":"https:\/\/archive.sana.sy\/es\/index.php?rest_route=\/wp\/v2\/media\/314274"}],"wp:attachment":[{"href":"https:\/\/archive.sana.sy\/es\/index.php?rest_route=%2Fwp%2Fv2%2Fmedia&parent=314273"}],"wp:term":[{"taxonomy":"category","embeddable":true,"href":"https:\/\/archive.sana.sy\/es\/index.php?rest_route=%2Fwp%2Fv2%2Fcategories&post=314273"},{"taxonomy":"post_tag","embeddable":true,"href":"https:\/\/archive.sana.sy\/es\/index.php?rest_route=%2Fwp%2Fv2%2Ftags&post=314273"}],"curies":[{"name":"wp","href":"https:\/\/api.w.org\/{rel}","templated":true}]}}