{"id":314278,"date":"2023-11-14T14:28:53","date_gmt":"2023-11-14T11:28:53","guid":{"rendered":"https:\/\/sana.sy\/es\/?p=314278"},"modified":"2023-11-15T11:28:03","modified_gmt":"2023-11-15T08:28:03","slug":"israel-bombardea-localidades-en-el-sur-del-libano-2","status":"publish","type":"post","link":"https:\/\/archive.sana.sy\/es\/?p=314278","title":{"rendered":"&#8220;Israel&#8221; bombardea localidades en el sur del L\u00edbano"},"content":{"rendered":"<p style=\"text-align: justify;\"><span style=\"color: #800000;\"><strong>Beirut, 14 nov (SANA)<\/strong> <\/span>El ocupante israel\u00ed reanud\u00f3 sus bombardeos contra las localidades de Naqurah, Alama al-Shab y Jabal Al-Labbouna, y lanzaron bombas incendiarias contra los forestales adyacentes a la frontera del L\u00edbano con la Palestina ocupada.<\/p>\n<p style=\"text-align: justify;\">Las fuerzas de ocupaci\u00f3n israel\u00ed bombardearon con artiller\u00eda las referidas zonas, mientras aviones de reconocimiento israel\u00edes sobrevolaban los sectores occidental y central, tambi\u00e9n el ocupante lanz\u00f3 bombas luminosas contra Zibqin, Yatar y Kafra del sur del L\u00edbano, inform\u00f3 la Agencia Nacional de Noticias.<\/p>\n<p style=\"text-align: justify;\">Dos ciudadanos libaneses perdieron la vida y otros resultaron heridos la v\u00edspera, por incursiones a\u00e9reas israel\u00edes contra una casa en el poblado de Ainata al sur del L\u00edbano, mientras que varios periodistas fueron blanco de un bombardeo israel\u00ed durante su cobertura.<\/p>\n<p style=\"text-align: justify;\">lo\/fm<\/p>\n","protected":false},"excerpt":{"rendered":"<p>Beirut, 14 nov (SANA) El ocupante israel\u00ed reanud\u00f3 sus bombardeos contra las localidades de Naqurah, Alama al-Shab y Jabal Al-Labbouna, y lanzaron bombas incendiarias contra los forestales adyacentes a la frontera del L\u00edbano con la Palestina ocupada. Las fuerzas de ocupaci\u00f3n israel\u00ed bombardearon con artiller\u00eda las referidas zonas, mientras aviones de reconocimiento israel\u00edes sobrevolaban los &hellip;<\/p>\n","protected":false},"author":42,"featured_media":314279,"comment_status":"closed","ping_status":"closed","sticky":false,"template":"","format":"standard","meta":{"footnotes":""},"categories":[597,456,16687,20724,7541],"tags":[],"class_list":["post-314278","post","type-post","status-publish","format-standard","has-post-thumbnail","","category-cinta-de-noticias","category-arabe-internacional-politica","category-internacionales","category-minuto-a-minuto","category-ultimas-noticias"],"_links":{"self":[{"href":"https:\/\/archive.sana.sy\/es\/index.php?rest_route=\/wp\/v2\/posts\/314278"}],"collection":[{"href":"https:\/\/archive.sana.sy\/es\/index.php?rest_route=\/wp\/v2\/posts"}],"about":[{"href":"https:\/\/archive.sana.sy\/es\/index.php?rest_route=\/wp\/v2\/types\/post"}],"author":[{"embeddable":true,"href":"https:\/\/archive.sana.sy\/es\/index.php?rest_route=\/wp\/v2\/users\/42"}],"replies":[{"embeddable":true,"href":"https:\/\/archive.sana.sy\/es\/index.php?rest_route=%2Fwp%2Fv2%2Fcomments&post=314278"}],"version-history":[{"count":2,"href":"https:\/\/archive.sana.sy\/es\/index.php?rest_route=\/wp\/v2\/posts\/314278\/revisions"}],"predecessor-version":[{"id":314281,"href":"https:\/\/archive.sana.sy\/es\/index.php?rest_route=\/wp\/v2\/posts\/314278\/revisions\/314281"}],"wp:featuredmedia":[{"embeddable":true,"href":"https:\/\/archive.sana.sy\/es\/index.php?rest_route=\/wp\/v2\/media\/314279"}],"wp:attachment":[{"href":"https:\/\/archive.sana.sy\/es\/index.php?rest_route=%2Fwp%2Fv2%2Fmedia&parent=314278"}],"wp:term":[{"taxonomy":"category","embeddable":true,"href":"https:\/\/archive.sana.sy\/es\/index.php?rest_route=%2Fwp%2Fv2%2Fcategories&post=314278"},{"taxonomy":"post_tag","embeddable":true,"href":"https:\/\/archive.sana.sy\/es\/index.php?rest_route=%2Fwp%2Fv2%2Ftags&post=314278"}],"curies":[{"name":"wp","href":"https:\/\/api.w.org\/{rel}","templated":true}]}}