{"id":314282,"date":"2023-11-14T14:49:01","date_gmt":"2023-11-14T11:49:01","guid":{"rendered":"https:\/\/sana.sy\/es\/?p=314282"},"modified":"2023-11-14T14:49:01","modified_gmt":"2023-11-14T11:49:01","slug":"3271-estudiantes-y-docentes-palestinos-mueren-en-la-actual-agresion-israeli","status":"publish","type":"post","link":"https:\/\/archive.sana.sy\/es\/?p=314282","title":{"rendered":"3,271 estudiantes y docentes palestinos mueren en la actual agresi\u00f3n israel\u00ed"},"content":{"rendered":"<p style=\"text-align: justify;\"><span style=\"color: #800000;\"><strong>Jerusal\u00e9n ocupada, 14 nov (SANA)<\/strong><\/span>\u00a0 La Oficina Central Palestina de Estad\u00edsticas anunci\u00f3 hoy que tres mil 271 estudiantes, profesores y trabajadores del sector educativo perdieron la vida en Cisjordania y la Franja de Gaza, desde el inicio de la agresi\u00f3n israel\u00ed el d\u00eda 7 de octubre.<\/p>\n<p style=\"text-align: justify;\">En un comunicado, la entidad afirm\u00f3 en un comunicado difundido por la Agencia Wafa que el n\u00famero de estudiantes muertos lleg\u00f3 a 3,141 (3.117 en Gaza y 24 en Cisjordania), mientras el n\u00famero de estudiantes heridos ascendi\u00f3 a 4.863 (4.613 en Gaza y 250 en Cisjordania).<\/p>\n<p style=\"text-align: justify;\">La Oficina indic\u00f3 que los ataques del ocupante a escuelas en Gaza dejaron destruidas totalmente a 63 escuelas y otras 190 resultaron da\u00f1adas, mientras fueron atacadas 27 escuelas en Cisjordania.<\/p>\n<p style=\"text-align: justify;\">La agresi\u00f3n contra la Franja de Gaza provoc\u00f3 la paralizaci\u00f3n del proceso educativo y priv\u00f3 a unos 608.000 estudiantes de su derecho a la educaci\u00f3n.<\/p>\n<p style=\"text-align: justify;\">Adem\u00e1s, 215 escuelas, entre ellas 145 pertenecientes a la UNRWA, fueron convertidas en centros de acogida para personas desplazadas en la Franja de Gaza.<\/p>\n<p style=\"text-align: justify;\">En cuanto a los estudiantes universitarios, 446 estudiantes murieron (438 en Gaza y 8 en Cisjordania), mientras que 14 de los trabajadores en las instituciones de educaci\u00f3n superior en la Franja murieron como resultado de la agresi\u00f3n de la ocupaci\u00f3n.<\/p>\n<p style=\"text-align: justify;\">fm\/ed<\/p>\n","protected":false},"excerpt":{"rendered":"<p>Jerusal\u00e9n ocupada, 14 nov (SANA)\u00a0 La Oficina Central Palestina de Estad\u00edsticas anunci\u00f3 hoy que tres mil 271 estudiantes, profesores y trabajadores del sector educativo perdieron la vida en Cisjordania y la Franja de Gaza, desde el inicio de la agresi\u00f3n israel\u00ed el d\u00eda 7 de octubre. En un comunicado, la entidad afirm\u00f3 en un comunicado &hellip;<\/p>\n","protected":false},"author":32,"featured_media":314283,"comment_status":"closed","ping_status":"closed","sticky":false,"template":"","format":"standard","meta":{"footnotes":""},"categories":[597,456,16687,20724,583],"tags":[],"class_list":["post-314282","post","type-post","status-publish","format-standard","has-post-thumbnail","","category-cinta-de-noticias","category-arabe-internacional-politica","category-internacionales","category-minuto-a-minuto","category-slide"],"_links":{"self":[{"href":"https:\/\/archive.sana.sy\/es\/index.php?rest_route=\/wp\/v2\/posts\/314282"}],"collection":[{"href":"https:\/\/archive.sana.sy\/es\/index.php?rest_route=\/wp\/v2\/posts"}],"about":[{"href":"https:\/\/archive.sana.sy\/es\/index.php?rest_route=\/wp\/v2\/types\/post"}],"author":[{"embeddable":true,"href":"https:\/\/archive.sana.sy\/es\/index.php?rest_route=\/wp\/v2\/users\/32"}],"replies":[{"embeddable":true,"href":"https:\/\/archive.sana.sy\/es\/index.php?rest_route=%2Fwp%2Fv2%2Fcomments&post=314282"}],"version-history":[{"count":1,"href":"https:\/\/archive.sana.sy\/es\/index.php?rest_route=\/wp\/v2\/posts\/314282\/revisions"}],"predecessor-version":[{"id":314284,"href":"https:\/\/archive.sana.sy\/es\/index.php?rest_route=\/wp\/v2\/posts\/314282\/revisions\/314284"}],"wp:featuredmedia":[{"embeddable":true,"href":"https:\/\/archive.sana.sy\/es\/index.php?rest_route=\/wp\/v2\/media\/314283"}],"wp:attachment":[{"href":"https:\/\/archive.sana.sy\/es\/index.php?rest_route=%2Fwp%2Fv2%2Fmedia&parent=314282"}],"wp:term":[{"taxonomy":"category","embeddable":true,"href":"https:\/\/archive.sana.sy\/es\/index.php?rest_route=%2Fwp%2Fv2%2Fcategories&post=314282"},{"taxonomy":"post_tag","embeddable":true,"href":"https:\/\/archive.sana.sy\/es\/index.php?rest_route=%2Fwp%2Fv2%2Ftags&post=314282"}],"curies":[{"name":"wp","href":"https:\/\/api.w.org\/{rel}","templated":true}]}}