{"id":314288,"date":"2023-11-14T14:59:58","date_gmt":"2023-11-14T11:59:58","guid":{"rendered":"https:\/\/sana.sy\/es\/?p=314288"},"modified":"2023-11-14T19:14:06","modified_gmt":"2023-11-14T16:14:06","slug":"%e2%9a%a1%ef%b8%8fmedios-palestinos-aviones-de-combate-israelies-destruyen-dos-torres-de-transmision-de-la-compania-palestina-de-telecomunicaciones-en-khan-yunis-al-sur-de-la-franja-de-gaza","status":"publish","type":"post","link":"https:\/\/archive.sana.sy\/es\/?p=314288","title":{"rendered":"Medios palestinos: aviones de combate israel\u00edes destruyen dos torres de transmisi\u00f3n de la Compa\u00f1\u00eda Palestina de Telecomunicaciones en Khan Yunis, al sur de la Franja de Gaza"},"content":{"rendered":"","protected":false},"excerpt":{"rendered":"","protected":false},"author":32,"featured_media":0,"comment_status":"closed","ping_status":"closed","sticky":false,"template":"","format":"standard","meta":{"footnotes":""},"categories":[20724,596],"tags":[],"class_list":["post-314288","post","type-post","status-publish","format-standard","","category-minuto-a-minuto","category-urgente"],"_links":{"self":[{"href":"https:\/\/archive.sana.sy\/es\/index.php?rest_route=\/wp\/v2\/posts\/314288"}],"collection":[{"href":"https:\/\/archive.sana.sy\/es\/index.php?rest_route=\/wp\/v2\/posts"}],"about":[{"href":"https:\/\/archive.sana.sy\/es\/index.php?rest_route=\/wp\/v2\/types\/post"}],"author":[{"embeddable":true,"href":"https:\/\/archive.sana.sy\/es\/index.php?rest_route=\/wp\/v2\/users\/32"}],"replies":[{"embeddable":true,"href":"https:\/\/archive.sana.sy\/es\/index.php?rest_route=%2Fwp%2Fv2%2Fcomments&post=314288"}],"version-history":[{"count":2,"href":"https:\/\/archive.sana.sy\/es\/index.php?rest_route=\/wp\/v2\/posts\/314288\/revisions"}],"predecessor-version":[{"id":314303,"href":"https:\/\/archive.sana.sy\/es\/index.php?rest_route=\/wp\/v2\/posts\/314288\/revisions\/314303"}],"wp:attachment":[{"href":"https:\/\/archive.sana.sy\/es\/index.php?rest_route=%2Fwp%2Fv2%2Fmedia&parent=314288"}],"wp:term":[{"taxonomy":"category","embeddable":true,"href":"https:\/\/archive.sana.sy\/es\/index.php?rest_route=%2Fwp%2Fv2%2Fcategories&post=314288"},{"taxonomy":"post_tag","embeddable":true,"href":"https:\/\/archive.sana.sy\/es\/index.php?rest_route=%2Fwp%2Fv2%2Ftags&post=314288"}],"curies":[{"name":"wp","href":"https:\/\/api.w.org\/{rel}","templated":true}]}}