{"id":314290,"date":"2023-11-14T15:49:46","date_gmt":"2023-11-14T12:49:46","guid":{"rendered":"https:\/\/sana.sy\/es\/?p=314290"},"modified":"2023-11-14T15:49:46","modified_gmt":"2023-11-14T12:49:46","slug":"organizacion-estadounidense-de-derechos-humanos-presenta-demanda-contra-biden-por-su-complicidad-en-el-genocidio-en-gaza","status":"publish","type":"post","link":"https:\/\/archive.sana.sy\/es\/?p=314290","title":{"rendered":"Organizaci\u00f3n estadounidense de derechos humanos presenta demanda contra Biden por su complicidad en el genocidio en Gaza"},"content":{"rendered":"<p style=\"text-align: justify;\"><span style=\"color: #800000;\"><strong>\u00a0Washington, 14 nov (SANA)\u00a0<\/strong><\/span> La Organizaci\u00f3n Estadounidense de Defensa de la Ley (Centro de Derechos Constitucionales) present\u00f3 una demanda ante un tribunal federal contra la administraci\u00f3n del presidente estadounidense Joe Biden, acus\u00e1ndola de complicidad en el genocidio cometido contra los residentes de la Franja de Gaza.<\/p>\n<p style=\"text-align: justify;\">La organizaci\u00f3n inform\u00f3 en un comunicado publicado en su sitio web que \u201cel gobierno israel\u00ed est\u00e1 cometiendo genocidio contra el pueblo palestino en la Franja de Gaza, con el apoyo incondicional de Estados Unidos, y est\u00e1 privando deliberadamente al pueblo de Gaza de los elementos b\u00e1sicos de la vida como los alimentos, el agua, las medicinas y la electricidad\u201d.<\/p>\n<p style=\"text-align: justify;\">El comunicado se\u00f1al\u00f3 que \u201cdesde el 7 de octubre, el gobierno israel\u00ed ha matado a m\u00e1s de 11.100 palestinos en la Franja de Gaza, incluidos m\u00e1s de 4.600 ni\u00f1os, y ha herido a m\u00e1s de 28.000 personas, y hay pruebas documentadas del uso de f\u00f3sforo blanco prohibido internacionalmente. \u201d<\/p>\n<p style=\"text-align: justify;\">La declaraci\u00f3n destac\u00f3 que Estados Unidos no est\u00e1 cumpliendo con sus obligaciones legales de prevenir el genocidio, y que el presidente Biden y otros altos funcionarios est\u00e1n ayudando e instigando el genocidio del pueblo palestino por parte del gobierno de \u201cIsrael\u201d.<\/p>\n<p style=\"text-align: justify;\">El comunicado se\u00f1al\u00f3 que la organizaci\u00f3n present\u00f3 la demanda en nombre de las organizaciones palestinas de derechos humanos, los palestinos en Gaza y Estados Unidos contra Biden y altos funcionarios de su administraci\u00f3n.<\/p>\n<p>fm\/ed<\/p>\n","protected":false},"excerpt":{"rendered":"<p>\u00a0Washington, 14 nov (SANA)\u00a0 La Organizaci\u00f3n Estadounidense de Defensa de la Ley (Centro de Derechos Constitucionales) present\u00f3 una demanda ante un tribunal federal contra la administraci\u00f3n del presidente estadounidense Joe Biden, acus\u00e1ndola de complicidad en el genocidio cometido contra los residentes de la Franja de Gaza. La organizaci\u00f3n inform\u00f3 en un comunicado publicado en su &hellip;<\/p>\n","protected":false},"author":32,"featured_media":314294,"comment_status":"closed","ping_status":"closed","sticky":false,"template":"","format":"standard","meta":{"footnotes":""},"categories":[597,456,20724,7541],"tags":[],"class_list":["post-314290","post","type-post","status-publish","format-standard","has-post-thumbnail","","category-cinta-de-noticias","category-arabe-internacional-politica","category-minuto-a-minuto","category-ultimas-noticias"],"_links":{"self":[{"href":"https:\/\/archive.sana.sy\/es\/index.php?rest_route=\/wp\/v2\/posts\/314290"}],"collection":[{"href":"https:\/\/archive.sana.sy\/es\/index.php?rest_route=\/wp\/v2\/posts"}],"about":[{"href":"https:\/\/archive.sana.sy\/es\/index.php?rest_route=\/wp\/v2\/types\/post"}],"author":[{"embeddable":true,"href":"https:\/\/archive.sana.sy\/es\/index.php?rest_route=\/wp\/v2\/users\/32"}],"replies":[{"embeddable":true,"href":"https:\/\/archive.sana.sy\/es\/index.php?rest_route=%2Fwp%2Fv2%2Fcomments&post=314290"}],"version-history":[{"count":1,"href":"https:\/\/archive.sana.sy\/es\/index.php?rest_route=\/wp\/v2\/posts\/314290\/revisions"}],"predecessor-version":[{"id":314295,"href":"https:\/\/archive.sana.sy\/es\/index.php?rest_route=\/wp\/v2\/posts\/314290\/revisions\/314295"}],"wp:featuredmedia":[{"embeddable":true,"href":"https:\/\/archive.sana.sy\/es\/index.php?rest_route=\/wp\/v2\/media\/314294"}],"wp:attachment":[{"href":"https:\/\/archive.sana.sy\/es\/index.php?rest_route=%2Fwp%2Fv2%2Fmedia&parent=314290"}],"wp:term":[{"taxonomy":"category","embeddable":true,"href":"https:\/\/archive.sana.sy\/es\/index.php?rest_route=%2Fwp%2Fv2%2Fcategories&post=314290"},{"taxonomy":"post_tag","embeddable":true,"href":"https:\/\/archive.sana.sy\/es\/index.php?rest_route=%2Fwp%2Fv2%2Ftags&post=314290"}],"curies":[{"name":"wp","href":"https:\/\/api.w.org\/{rel}","templated":true}]}}