{"id":314291,"date":"2023-11-14T15:44:56","date_gmt":"2023-11-14T12:44:56","guid":{"rendered":"https:\/\/sana.sy\/es\/?p=314291"},"modified":"2023-11-14T15:44:56","modified_gmt":"2023-11-14T12:44:56","slug":"cientos-de-abogados-de-todo-el-mundo-se-ofrecen-como-voluntarios-para-presentar-demanda-contra-israel","status":"publish","type":"post","link":"https:\/\/archive.sana.sy\/es\/?p=314291","title":{"rendered":"Cientos de abogados de todo el mundo se ofrecen como voluntarios para presentar demanda contra Israel"},"content":{"rendered":"<p style=\"text-align: justify;\"><span style=\"color: #800000;\"><strong>\u00a0Par\u00eds, 14 nov (SANA)<\/strong><\/span> 300 abogados de todo el mundo se ofrecieron como voluntarios para comenzar a presentar demandas ante tribunales internacionales contra \u201cIsrael\u201d para juzgarlo por sus cr\u00edmenes contra el pueblo palestino.<\/p>\n<p style=\"text-align: justify;\">La agencia Novosti cit\u00f3 al abogado franc\u00e9s Maitre Gilles Defer, considerado uno de los abogados franceses m\u00e1s veteranos, diciendo en una entrevista con un canal de televisi\u00f3n, que \u201cla lista incluye hasta el momento 300 abogados, y dentro de diez d\u00edas se podr\u00e1n reunir 3.000 m\u00e1s&#8221;<\/p>\n<p style=\"text-align: justify;\">\u201cHemos presentado una denuncia ante el Ministerio P\u00fablico franc\u00e9s contra Israel por cometer genocidio, en nombre de asociaciones y sindicatos franceses, y que el caso palestino ser\u00e1 presentado en todos los tribunales nacionales e internacionales\u201d, dijo Defer.<\/p>\n<p style=\"text-align: justify;\">Amenaz\u00f3 a las autoridades israel\u00edes con enfrentar las consecuencias de sus cr\u00edmenes, y agreg\u00f3: \u201cLe digo a los palestinos: no ten\u00edan a nadie que los defendiera, pero ahora tienen un ej\u00e9rcito en los tribunales nacionales e internacionales\u201d.<\/p>\n<p style=\"text-align: justify;\">fm\/ed<\/p>\n","protected":false},"excerpt":{"rendered":"<p>\u00a0Par\u00eds, 14 nov (SANA) 300 abogados de todo el mundo se ofrecieron como voluntarios para comenzar a presentar demandas ante tribunales internacionales contra \u201cIsrael\u201d para juzgarlo por sus cr\u00edmenes contra el pueblo palestino. La agencia Novosti cit\u00f3 al abogado franc\u00e9s Maitre Gilles Defer, considerado uno de los abogados franceses m\u00e1s veteranos, diciendo en una entrevista &hellip;<\/p>\n","protected":false},"author":32,"featured_media":314292,"comment_status":"closed","ping_status":"closed","sticky":false,"template":"","format":"standard","meta":{"footnotes":""},"categories":[597,456,20724,7541],"tags":[],"class_list":["post-314291","post","type-post","status-publish","format-standard","has-post-thumbnail","","category-cinta-de-noticias","category-arabe-internacional-politica","category-minuto-a-minuto","category-ultimas-noticias"],"_links":{"self":[{"href":"https:\/\/archive.sana.sy\/es\/index.php?rest_route=\/wp\/v2\/posts\/314291"}],"collection":[{"href":"https:\/\/archive.sana.sy\/es\/index.php?rest_route=\/wp\/v2\/posts"}],"about":[{"href":"https:\/\/archive.sana.sy\/es\/index.php?rest_route=\/wp\/v2\/types\/post"}],"author":[{"embeddable":true,"href":"https:\/\/archive.sana.sy\/es\/index.php?rest_route=\/wp\/v2\/users\/32"}],"replies":[{"embeddable":true,"href":"https:\/\/archive.sana.sy\/es\/index.php?rest_route=%2Fwp%2Fv2%2Fcomments&post=314291"}],"version-history":[{"count":1,"href":"https:\/\/archive.sana.sy\/es\/index.php?rest_route=\/wp\/v2\/posts\/314291\/revisions"}],"predecessor-version":[{"id":314293,"href":"https:\/\/archive.sana.sy\/es\/index.php?rest_route=\/wp\/v2\/posts\/314291\/revisions\/314293"}],"wp:featuredmedia":[{"embeddable":true,"href":"https:\/\/archive.sana.sy\/es\/index.php?rest_route=\/wp\/v2\/media\/314292"}],"wp:attachment":[{"href":"https:\/\/archive.sana.sy\/es\/index.php?rest_route=%2Fwp%2Fv2%2Fmedia&parent=314291"}],"wp:term":[{"taxonomy":"category","embeddable":true,"href":"https:\/\/archive.sana.sy\/es\/index.php?rest_route=%2Fwp%2Fv2%2Fcategories&post=314291"},{"taxonomy":"post_tag","embeddable":true,"href":"https:\/\/archive.sana.sy\/es\/index.php?rest_route=%2Fwp%2Fv2%2Ftags&post=314291"}],"curies":[{"name":"wp","href":"https:\/\/api.w.org\/{rel}","templated":true}]}}