{"id":31430,"date":"2015-10-11T15:49:02","date_gmt":"2015-10-11T12:49:02","guid":{"rendered":"http:\/\/sana.sy\/es\/?p=31430"},"modified":"2015-10-11T15:55:02","modified_gmt":"2015-10-11T12:55:02","slug":"embajador-mahmoud-trasmite-sinceras-condolencias-del-presidente-al-assad-al-liderazgo-irani-por-el-fallecimiento-del-general-hamedani","status":"publish","type":"post","link":"https:\/\/archive.sana.sy\/es\/?p=31430","title":{"rendered":"Embajador sirio trasmite condolencias del presidente al-Assad al liderazgo iran\u00ed por el fallecimiento del general Hamedani"},"content":{"rendered":"<p><span style=\"color: #800000\">Teher\u00e1n, SANA<\/span><\/p>\n<p>Se realiz\u00f3 este domingo la ceremonia f\u00fanebre del m\u00e1rtir general de brigada iran\u00ed Husein Hamedani quien perdi\u00f3 su vida a manos de terroristas en el campo de la ciudad siria norte\u00f1a de Alepo.<\/p>\n<p>La ceremonia cont\u00f3 con la presencia de representantes del L\u00edder de la Revoluci\u00f3n iran\u00ed, Assayed Ali Jamen\u00ed, y del presidente Hassan Rohani y con altos funcionarios y mandos militares iran\u00edes y el jefe de la Guardia Revolucionaria general de Brigada Mohamad Ali Jaafari.<\/p>\n<p>El embajador de Siria en Teher\u00e1n, Adnan Mahmoud quien particip\u00f3 en los actos f\u00fanebres trasmiti\u00f3 el profundo p\u00e9same del presidente Bashar al-Assad a los representantes del L\u00edder de la Revoluci\u00f3n iran\u00ed, el mandatario iran\u00ed y al jefe de la Guardia Revolucionaria por el martirio del general Hamedani.<\/p>\n<p>El embajador Mahmoud dijo que el fallecimiento del general Hamedani demostr\u00f3 los estrechos v\u00ednculos entre los integrantes del eje de resistencia, los cuales se hacen hoy en d\u00eda m\u00e1s fuertes al enfrentar al terrorismo apoyado por EEUU, Occidente y sus lacayos en la regi\u00f3n.<\/p>\n<p>Asimismo se\u00f1al\u00f3 que \u201cnuestra com\u00fan guerra antiterrorista es una guerra moral, espiritual, humana, de civilizaci\u00f3n para repeler al terrorismo takfiri destructivo que est\u00e1 amenazando a los pueblos de la regi\u00f3n y toda la humanidad\u201d.<\/p>\n<p>Los representantes del L\u00edder de la Revoluci\u00f3n iran\u00ed, el mandatario iran\u00ed y el jefe de la Guardia Revolucionaria agradecieron al presidente al-Assad por sus sinceras condolencias y expresaron su enorgullecimiento por el papel de Siria en el fortalecimiento del eje de la resistencia y la lucha antiterrorista.<\/p>\n<p>En este contexto, expresaron su confianza en el logro de m\u00e1s avances contra el terrorismo hasta el restablecimiento de la seguridad en Siria y la regi\u00f3n.<\/p>\n<p>En declaraciones a la prensa, el embajador Mahmoud asever\u00f3 que los operativos de la aviaci\u00f3n militar rusa desvelaron el gran fracaso de la coalici\u00f3n de EEUU en su acci\u00f3n contra el terrorismo al pasar m\u00e1s de un a\u00f1o a su creaci\u00f3n.<\/p>\n<p>A su vez, el jefe del Estado Mayor y los Asuntos comunes de las Fuerzas Armadas iran\u00edes, el general Mohamad Bakiri confirm\u00f3 que los terroristas ser\u00e1n vencidos en Siria.<br \/>\nLynn A., Riyad Sh.<\/p>\n","protected":false},"excerpt":{"rendered":"<p>Teher\u00e1n, SANA Se realiz\u00f3 este domingo la ceremonia f\u00fanebre del m\u00e1rtir general de brigada iran\u00ed Husein Hamedani quien perdi\u00f3 su vida a manos de terroristas en el campo de la ciudad siria norte\u00f1a de Alepo. La ceremonia cont\u00f3 con la presencia de representantes del L\u00edder de la Revoluci\u00f3n iran\u00ed, Assayed Ali Jamen\u00ed, y del presidente &hellip;<\/p>\n","protected":false},"author":24,"featured_media":31431,"comment_status":"closed","ping_status":"closed","sticky":false,"template":"","format":"standard","meta":{"footnotes":""},"categories":[456,457],"tags":[7000],"class_list":["post-31430","post","type-post","status-publish","format-standard","has-post-thumbnail","","category-arabe-internacional-politica","category-noticias-arabe-internacional-politica","tag-embajador-mahmoud-trasmite-sinceras-condolencias-del-presidente-al-assad-al-liderazgo-irani-por-el-fallecimiento-del-general-hamedani"],"_links":{"self":[{"href":"https:\/\/archive.sana.sy\/es\/index.php?rest_route=\/wp\/v2\/posts\/31430"}],"collection":[{"href":"https:\/\/archive.sana.sy\/es\/index.php?rest_route=\/wp\/v2\/posts"}],"about":[{"href":"https:\/\/archive.sana.sy\/es\/index.php?rest_route=\/wp\/v2\/types\/post"}],"author":[{"embeddable":true,"href":"https:\/\/archive.sana.sy\/es\/index.php?rest_route=\/wp\/v2\/users\/24"}],"replies":[{"embeddable":true,"href":"https:\/\/archive.sana.sy\/es\/index.php?rest_route=%2Fwp%2Fv2%2Fcomments&post=31430"}],"version-history":[{"count":0,"href":"https:\/\/archive.sana.sy\/es\/index.php?rest_route=\/wp\/v2\/posts\/31430\/revisions"}],"wp:featuredmedia":[{"embeddable":true,"href":"https:\/\/archive.sana.sy\/es\/index.php?rest_route=\/wp\/v2\/media\/31431"}],"wp:attachment":[{"href":"https:\/\/archive.sana.sy\/es\/index.php?rest_route=%2Fwp%2Fv2%2Fmedia&parent=31430"}],"wp:term":[{"taxonomy":"category","embeddable":true,"href":"https:\/\/archive.sana.sy\/es\/index.php?rest_route=%2Fwp%2Fv2%2Fcategories&post=31430"},{"taxonomy":"post_tag","embeddable":true,"href":"https:\/\/archive.sana.sy\/es\/index.php?rest_route=%2Fwp%2Fv2%2Ftags&post=31430"}],"curies":[{"name":"wp","href":"https:\/\/api.w.org\/{rel}","templated":true}]}}