{"id":314351,"date":"2023-11-15T10:31:48","date_gmt":"2023-11-15T07:31:48","guid":{"rendered":"https:\/\/sana.sy\/es\/?p=314351"},"modified":"2023-11-15T10:31:48","modified_gmt":"2023-11-15T07:31:48","slug":"80-politicos-europeos-y-latinoamericanos-exigen-el-fin-del-genocidio-israeli-contra-gaza","status":"publish","type":"post","link":"https:\/\/archive.sana.sy\/es\/?p=314351","title":{"rendered":"80 pol\u00edticos europeos y latinoamericanos exigen el fin del genocidio israel\u00ed contra Gaza"},"content":{"rendered":"<p style=\"text-align: justify;\"><span style=\"color: #800000;\"><strong>Capitales, 15 nov (SANA)<\/strong>\u00a0<\/span> \u00a080 figuras pol\u00edticas de 20 pa\u00edses de Europa y Am\u00e9rica Latina pidieron al Tribunal Penal Internacional que detenga el \u201cgenocidio\u201d cometido por el r\u00e9gimen israel\u00ed contra los civiles en la Franja de Gaza.<br \/>\nEn una carta al fiscal de la Corte, Karim Ahmed Khan, los funcionarios exigieron el procesamiento del primer ministro \u201cIsrael\u00ed\u201d, Benjam\u00edn Netanyahu, y de otros funcionarios de su gobierno.<\/p>\n<p>Entre las figuras ilustres que participaron en esta iniciativa se encuentran el diputado brit\u00e1nico Jeremy Corbyn y el secretario general del Partido Laborista belga, Peter Mertens.<\/p>\n<p>ws\/fm<\/p>\n","protected":false},"excerpt":{"rendered":"<p>Capitales, 15 nov (SANA)\u00a0 \u00a080 figuras pol\u00edticas de 20 pa\u00edses de Europa y Am\u00e9rica Latina pidieron al Tribunal Penal Internacional que detenga el \u201cgenocidio\u201d cometido por el r\u00e9gimen israel\u00ed contra los civiles en la Franja de Gaza. En una carta al fiscal de la Corte, Karim Ahmed Khan, los funcionarios exigieron el procesamiento del primer &hellip;<\/p>\n","protected":false},"author":35,"featured_media":314352,"comment_status":"closed","ping_status":"closed","sticky":false,"template":"","format":"standard","meta":{"footnotes":""},"categories":[597,456,16687,20724,7541],"tags":[],"class_list":["post-314351","post","type-post","status-publish","format-standard","has-post-thumbnail","","category-cinta-de-noticias","category-arabe-internacional-politica","category-internacionales","category-minuto-a-minuto","category-ultimas-noticias"],"_links":{"self":[{"href":"https:\/\/archive.sana.sy\/es\/index.php?rest_route=\/wp\/v2\/posts\/314351"}],"collection":[{"href":"https:\/\/archive.sana.sy\/es\/index.php?rest_route=\/wp\/v2\/posts"}],"about":[{"href":"https:\/\/archive.sana.sy\/es\/index.php?rest_route=\/wp\/v2\/types\/post"}],"author":[{"embeddable":true,"href":"https:\/\/archive.sana.sy\/es\/index.php?rest_route=\/wp\/v2\/users\/35"}],"replies":[{"embeddable":true,"href":"https:\/\/archive.sana.sy\/es\/index.php?rest_route=%2Fwp%2Fv2%2Fcomments&post=314351"}],"version-history":[{"count":1,"href":"https:\/\/archive.sana.sy\/es\/index.php?rest_route=\/wp\/v2\/posts\/314351\/revisions"}],"predecessor-version":[{"id":314353,"href":"https:\/\/archive.sana.sy\/es\/index.php?rest_route=\/wp\/v2\/posts\/314351\/revisions\/314353"}],"wp:featuredmedia":[{"embeddable":true,"href":"https:\/\/archive.sana.sy\/es\/index.php?rest_route=\/wp\/v2\/media\/314352"}],"wp:attachment":[{"href":"https:\/\/archive.sana.sy\/es\/index.php?rest_route=%2Fwp%2Fv2%2Fmedia&parent=314351"}],"wp:term":[{"taxonomy":"category","embeddable":true,"href":"https:\/\/archive.sana.sy\/es\/index.php?rest_route=%2Fwp%2Fv2%2Fcategories&post=314351"},{"taxonomy":"post_tag","embeddable":true,"href":"https:\/\/archive.sana.sy\/es\/index.php?rest_route=%2Fwp%2Fv2%2Ftags&post=314351"}],"curies":[{"name":"wp","href":"https:\/\/api.w.org\/{rel}","templated":true}]}}