{"id":314358,"date":"2023-11-15T11:06:58","date_gmt":"2023-11-15T08:06:58","guid":{"rendered":"https:\/\/sana.sy\/es\/?p=314358"},"modified":"2023-11-15T11:08:16","modified_gmt":"2023-11-15T08:08:16","slug":"comienzan-obras-de-restauracion-de-un-nuevo-mercado-antiguo-en-alepo-fotos","status":"publish","type":"post","link":"https:\/\/archive.sana.sy\/es\/?p=314358","title":{"rendered":"Comienzan obras de restauraci\u00f3n de un nuevo mercado antiguo en Alepo (+ fotos)"},"content":{"rendered":"<blockquote>\n<p style=\"text-align: justify;\"><span style=\"color: #800000;\">Alepo, ubicada a 400 kil\u00f3metros al norte de Damasco, fue liberada de los grupos radicales en la segunda mitad de 2016 tras feroces combates con el Ej\u00e9rcito sirio.<br \/>\n<\/span><br \/>\n<span style=\"color: #800000;\">La ciudad vieja, declarada patrimonio de la humanidad desde 1986, qued\u00f3 casi destruida, y desde 2018 se somete a un intenso proceso de reconstrucci\u00f3n de los da\u00f1os que sufrieron a consecuencia del terrorismo.<\/span><\/p>\n<\/blockquote>\n<p style=\"text-align: justify;\"><span style=\"color: #800000;\"><strong>Alepo, 15 nov (SANA)<\/strong><\/span>\u00a0 El Fondo de Desarrollo de Siria en cooperaci\u00f3n con la Gobernaci\u00f3n y el Ayuntamiento de Alepo y la Direcci\u00f3n de Antig\u00fcedades y Museos, comenzaron los trabajos de restauraci\u00f3n y rehabilitaci\u00f3n del antiguo zoco \u201cAl-Jaish\u201d, en la ciudad vieja de Alepo.<\/p>\n<p style=\"text-align: justify;\"><img loading=\"lazy\" decoding=\"async\" class=\"size-medium wp-image-314361 alignright\" src=\"http:\/\/sana.sy\/es\/wp-content\/uploads\/2023\/11\/photo_2023-11-14_11-54-05-300x198.jpg\" alt=\"\" width=\"300\" height=\"198\" srcset=\"https:\/\/archive.sana.sy\/es\/wp-content\/uploads\/2023\/11\/photo_2023-11-14_11-54-05-300x198.jpg 300w, https:\/\/archive.sana.sy\/es\/wp-content\/uploads\/2023\/11\/photo_2023-11-14_11-54-05-150x99.jpg 150w, https:\/\/archive.sana.sy\/es\/wp-content\/uploads\/2023\/11\/photo_2023-11-14_11-54-05-310x205.jpg 310w, https:\/\/archive.sana.sy\/es\/wp-content\/uploads\/2023\/11\/photo_2023-11-14_11-54-05.jpg 660w\" sizes=\"(max-width: 300px) 100vw, 300px\" \/>Ubicado entre el mercado de Al-Hibal y la plaza Al-Fustok, este centro comercial incluye 48 tiendas destinadas a la venta de diversos tipos de hilos y tejidos.<\/p>\n<p style=\"text-align: justify;\">&#8220;Las obras incluyen la restauraci\u00f3n de las fachadas de piedra que fueron da\u00f1adas a consecuencia de los a\u00f1os de guerra terrorista contra esta ciudad y el terremoto&#8221;, explic\u00f3 la arquitecta Noura Bitar, representante de una de las empresas que participan en los trabajos de restauraci\u00f3n.<\/p>\n<p style=\"text-align: justify;\">Alepo, ubicada a 400 kil\u00f3metros al norte de Damasco, fue liberada de los grupos radicales en la segunda mitad de 2016 tras feroces combates con el Ej\u00e9rcito sirio.<\/p>\n<p style=\"text-align: justify;\">La ciudad vieja, declarada patrimonio de la humanidad desde 1986, qued\u00f3 casi destruida, y desde 2018 se somete a un intenso proceso de reconstrucci\u00f3n de los da\u00f1os que sufrieron a consecuencia del terrorismo.<\/p>\n<div id='gallery-1' class='gallery galleryid-314358 gallery-columns-1 gallery-size-full'><figure class='gallery-item'>\n\t\t\t<div class='gallery-icon landscape'>\n\t\t\t\t<a href='https:\/\/archive.sana.sy\/es\/wp-content\/uploads\/2023\/11\/photo_2023-11-14_11-53-32.jpg'><img loading=\"lazy\" decoding=\"async\" width=\"660\" height=\"440\" src=\"https:\/\/archive.sana.sy\/es\/wp-content\/uploads\/2023\/11\/photo_2023-11-14_11-53-32.jpg\" class=\"attachment-full size-full\" alt=\"\" srcset=\"https:\/\/archive.sana.sy\/es\/wp-content\/uploads\/2023\/11\/photo_2023-11-14_11-53-32.jpg 660w, https:\/\/archive.sana.sy\/es\/wp-content\/uploads\/2023\/11\/photo_2023-11-14_11-53-32-300x200.jpg 300w, https:\/\/archive.sana.sy\/es\/wp-content\/uploads\/2023\/11\/photo_2023-11-14_11-53-32-150x100.jpg 150w\" sizes=\"(max-width: 660px) 100vw, 660px\" \/><\/a>\n\t\t\t<\/div><\/figure><figure class='gallery-item'>\n\t\t\t<div class='gallery-icon landscape'>\n\t\t\t\t<a href='https:\/\/archive.sana.sy\/es\/wp-content\/uploads\/2023\/11\/photo_2023-11-14_11-53-57.jpg'><img loading=\"lazy\" decoding=\"async\" width=\"660\" height=\"431\" src=\"https:\/\/archive.sana.sy\/es\/wp-content\/uploads\/2023\/11\/photo_2023-11-14_11-53-57.jpg\" class=\"attachment-full size-full\" alt=\"\" srcset=\"https:\/\/archive.sana.sy\/es\/wp-content\/uploads\/2023\/11\/photo_2023-11-14_11-53-57.jpg 660w, https:\/\/archive.sana.sy\/es\/wp-content\/uploads\/2023\/11\/photo_2023-11-14_11-53-57-300x196.jpg 300w, https:\/\/archive.sana.sy\/es\/wp-content\/uploads\/2023\/11\/photo_2023-11-14_11-53-57-150x98.jpg 150w\" sizes=\"(max-width: 660px) 100vw, 660px\" \/><\/a>\n\t\t\t<\/div><\/figure><figure class='gallery-item'>\n\t\t\t<div class='gallery-icon landscape'>\n\t\t\t\t<a href='https:\/\/archive.sana.sy\/es\/wp-content\/uploads\/2023\/11\/photo_2023-11-14_11-54-03.jpg'><img loading=\"lazy\" decoding=\"async\" width=\"660\" height=\"440\" src=\"https:\/\/archive.sana.sy\/es\/wp-content\/uploads\/2023\/11\/photo_2023-11-14_11-54-03.jpg\" class=\"attachment-full size-full\" alt=\"\" srcset=\"https:\/\/archive.sana.sy\/es\/wp-content\/uploads\/2023\/11\/photo_2023-11-14_11-54-03.jpg 660w, https:\/\/archive.sana.sy\/es\/wp-content\/uploads\/2023\/11\/photo_2023-11-14_11-54-03-300x200.jpg 300w, https:\/\/archive.sana.sy\/es\/wp-content\/uploads\/2023\/11\/photo_2023-11-14_11-54-03-150x100.jpg 150w\" sizes=\"(max-width: 660px) 100vw, 660px\" \/><\/a>\n\t\t\t<\/div><\/figure><figure class='gallery-item'>\n\t\t\t<div class='gallery-icon landscape'>\n\t\t\t\t<a href='https:\/\/archive.sana.sy\/es\/wp-content\/uploads\/2023\/11\/photo_2023-11-14_11-54-06.jpg'><img loading=\"lazy\" decoding=\"async\" width=\"660\" height=\"440\" src=\"https:\/\/archive.sana.sy\/es\/wp-content\/uploads\/2023\/11\/photo_2023-11-14_11-54-06.jpg\" class=\"attachment-full size-full\" alt=\"\" srcset=\"https:\/\/archive.sana.sy\/es\/wp-content\/uploads\/2023\/11\/photo_2023-11-14_11-54-06.jpg 660w, https:\/\/archive.sana.sy\/es\/wp-content\/uploads\/2023\/11\/photo_2023-11-14_11-54-06-300x200.jpg 300w, https:\/\/archive.sana.sy\/es\/wp-content\/uploads\/2023\/11\/photo_2023-11-14_11-54-06-150x100.jpg 150w\" sizes=\"(max-width: 660px) 100vw, 660px\" \/><\/a>\n\t\t\t<\/div><\/figure><figure class='gallery-item'>\n\t\t\t<div class='gallery-icon landscape'>\n\t\t\t\t<a href='https:\/\/archive.sana.sy\/es\/wp-content\/uploads\/2023\/11\/photo_2023-11-14_11-54-08.jpg'><img loading=\"lazy\" decoding=\"async\" width=\"660\" height=\"440\" src=\"https:\/\/archive.sana.sy\/es\/wp-content\/uploads\/2023\/11\/photo_2023-11-14_11-54-08.jpg\" class=\"attachment-full size-full\" alt=\"\" srcset=\"https:\/\/archive.sana.sy\/es\/wp-content\/uploads\/2023\/11\/photo_2023-11-14_11-54-08.jpg 660w, https:\/\/archive.sana.sy\/es\/wp-content\/uploads\/2023\/11\/photo_2023-11-14_11-54-08-300x200.jpg 300w, https:\/\/archive.sana.sy\/es\/wp-content\/uploads\/2023\/11\/photo_2023-11-14_11-54-08-150x100.jpg 150w\" sizes=\"(max-width: 660px) 100vw, 660px\" \/><\/a>\n\t\t\t<\/div><\/figure><figure class='gallery-item'>\n\t\t\t<div class='gallery-icon landscape'>\n\t\t\t\t<a href='https:\/\/archive.sana.sy\/es\/wp-content\/uploads\/2023\/11\/photo_2023-11-14_11-54-09.jpg'><img loading=\"lazy\" decoding=\"async\" width=\"660\" height=\"440\" src=\"https:\/\/archive.sana.sy\/es\/wp-content\/uploads\/2023\/11\/photo_2023-11-14_11-54-09.jpg\" class=\"attachment-full size-full\" alt=\"\" srcset=\"https:\/\/archive.sana.sy\/es\/wp-content\/uploads\/2023\/11\/photo_2023-11-14_11-54-09.jpg 660w, https:\/\/archive.sana.sy\/es\/wp-content\/uploads\/2023\/11\/photo_2023-11-14_11-54-09-300x200.jpg 300w, https:\/\/archive.sana.sy\/es\/wp-content\/uploads\/2023\/11\/photo_2023-11-14_11-54-09-150x100.jpg 150w\" sizes=\"(max-width: 660px) 100vw, 660px\" \/><\/a>\n\t\t\t<\/div><\/figure>\n\t\t<\/div>\n\n<p style=\"text-align: justify;\">ws\/fm<\/p>\n","protected":false},"excerpt":{"rendered":"<p>Alepo, ubicada a 400 kil\u00f3metros al norte de Damasco, fue liberada de los grupos radicales en la segunda mitad de 2016 tras feroces combates con el Ej\u00e9rcito sirio. La ciudad vieja, declarada patrimonio de la humanidad desde 1986, qued\u00f3 casi destruida, y desde 2018 se somete a un intenso proceso de reconstrucci\u00f3n de los da\u00f1os &hellip;<\/p>\n","protected":false},"author":35,"featured_media":314360,"comment_status":"closed","ping_status":"closed","sticky":false,"template":"","format":"standard","meta":{"footnotes":""},"categories":[597,510,20724,476,7541],"tags":[],"class_list":["post-314358","post","type-post","status-publish","format-standard","has-post-thumbnail","","category-cinta-de-noticias","category-arte-y-cultura","category-minuto-a-minuto","category-locales","category-ultimas-noticias"],"_links":{"self":[{"href":"https:\/\/archive.sana.sy\/es\/index.php?rest_route=\/wp\/v2\/posts\/314358"}],"collection":[{"href":"https:\/\/archive.sana.sy\/es\/index.php?rest_route=\/wp\/v2\/posts"}],"about":[{"href":"https:\/\/archive.sana.sy\/es\/index.php?rest_route=\/wp\/v2\/types\/post"}],"author":[{"embeddable":true,"href":"https:\/\/archive.sana.sy\/es\/index.php?rest_route=\/wp\/v2\/users\/35"}],"replies":[{"embeddable":true,"href":"https:\/\/archive.sana.sy\/es\/index.php?rest_route=%2Fwp%2Fv2%2Fcomments&post=314358"}],"version-history":[{"count":3,"href":"https:\/\/archive.sana.sy\/es\/index.php?rest_route=\/wp\/v2\/posts\/314358\/revisions"}],"predecessor-version":[{"id":314370,"href":"https:\/\/archive.sana.sy\/es\/index.php?rest_route=\/wp\/v2\/posts\/314358\/revisions\/314370"}],"wp:featuredmedia":[{"embeddable":true,"href":"https:\/\/archive.sana.sy\/es\/index.php?rest_route=\/wp\/v2\/media\/314360"}],"wp:attachment":[{"href":"https:\/\/archive.sana.sy\/es\/index.php?rest_route=%2Fwp%2Fv2%2Fmedia&parent=314358"}],"wp:term":[{"taxonomy":"category","embeddable":true,"href":"https:\/\/archive.sana.sy\/es\/index.php?rest_route=%2Fwp%2Fv2%2Fcategories&post=314358"},{"taxonomy":"post_tag","embeddable":true,"href":"https:\/\/archive.sana.sy\/es\/index.php?rest_route=%2Fwp%2Fv2%2Ftags&post=314358"}],"curies":[{"name":"wp","href":"https:\/\/api.w.org\/{rel}","templated":true}]}}