{"id":314373,"date":"2023-11-15T11:13:23","date_gmt":"2023-11-15T08:13:23","guid":{"rendered":"https:\/\/sana.sy\/es\/?p=314373"},"modified":"2023-11-15T19:01:11","modified_gmt":"2023-11-15T16:01:11","slug":"ataque-contra-fuerzas-estadounidenses-en-deir-ezzor","status":"publish","type":"post","link":"https:\/\/archive.sana.sy\/es\/?p=314373","title":{"rendered":"Ataque contra fuerzas estadounidenses en Deir Ezzor"},"content":{"rendered":"<p style=\"text-align: justify\"><span style=\"color: #800000\"><strong>Bagdad, 15 nov (SANA) <\/strong><\/span>La Resistencia Iraqu\u00ed anunci\u00f3 que ataco a las fuerzas de ocupaci\u00f3n estadounidenses presentes en el yacimiento petrol\u00edfero de Koniko en la provincia de Deir Ezzor.<\/p>\n<p style=\"text-align: justify\">\u201cEn respuesta a los cr\u00edmenes cometidos por el ocupante israel\u00ed contra los palestinos en Gaza, nuestros combatientes atacaron con cohetes la base de la ocupaci\u00f3n estadounidense en el yacimiento petrolero de Koniko\u201d, inform\u00f3 un comunicado de la Resistencia Iraqu\u00ed.<\/p>\n<p style=\"text-align: justify\">La v\u00edspera, dos similares ataques con drones apuntaron contra los militares del Pent\u00e1gono presentes en la base Green Village y el yacimiento petrol\u00edfero de Al-Omar.<\/p>\n<p style=\"text-align: justify\">Washington mantiene una quincena de bases en territorio sirio sin el consentimiento del Gobierno de Damasco, ni la aprobaci\u00f3n de las Naciones Unidas.<\/p>\n<p style=\"text-align: justify\">Siria denunci\u00f3 repetidamente esta presencia, la que calific\u00f3 de ocupaci\u00f3n, y asegur\u00f3 que la actuaci\u00f3n de los militares estadounidenses en el territorio nacional incentiva la actividad terrorista y apunta a desestabilizar el pa\u00eds y saquear sus riquezas.<\/p>\n<p style=\"text-align: justify\">Los ataques contra esas bases aumentaron notablemente desde el comienzo de la agresi\u00f3n israel\u00ed contra la Franja de Gaza y causaron lesiones a al menos 45 militares estadounidenses.<\/p>\n<p style=\"text-align: justify\">as\/fm<\/p>\n","protected":false},"excerpt":{"rendered":"<p>Bagdad, 15 nov (SANA) La Resistencia Iraqu\u00ed anunci\u00f3 que ataco a las fuerzas de ocupaci\u00f3n estadounidenses presentes en el yacimiento petrol\u00edfero de Koniko en la provincia de Deir Ezzor. \u201cEn respuesta a los cr\u00edmenes cometidos por el ocupante israel\u00ed contra los palestinos en Gaza, nuestros combatientes atacaron con cohetes la base de la ocupaci\u00f3n estadounidense &hellip;<\/p>\n","protected":false},"author":42,"featured_media":314375,"comment_status":"closed","ping_status":"closed","sticky":false,"template":"","format":"standard","meta":{"footnotes":""},"categories":[597,20724,467],"tags":[],"class_list":["post-314373","post","type-post","status-publish","format-standard","has-post-thumbnail","","category-cinta-de-noticias","category-minuto-a-minuto","category-siria-y-el-mundo"],"_links":{"self":[{"href":"https:\/\/archive.sana.sy\/es\/index.php?rest_route=\/wp\/v2\/posts\/314373"}],"collection":[{"href":"https:\/\/archive.sana.sy\/es\/index.php?rest_route=\/wp\/v2\/posts"}],"about":[{"href":"https:\/\/archive.sana.sy\/es\/index.php?rest_route=\/wp\/v2\/types\/post"}],"author":[{"embeddable":true,"href":"https:\/\/archive.sana.sy\/es\/index.php?rest_route=\/wp\/v2\/users\/42"}],"replies":[{"embeddable":true,"href":"https:\/\/archive.sana.sy\/es\/index.php?rest_route=%2Fwp%2Fv2%2Fcomments&post=314373"}],"version-history":[{"count":2,"href":"https:\/\/archive.sana.sy\/es\/index.php?rest_route=\/wp\/v2\/posts\/314373\/revisions"}],"predecessor-version":[{"id":314418,"href":"https:\/\/archive.sana.sy\/es\/index.php?rest_route=\/wp\/v2\/posts\/314373\/revisions\/314418"}],"wp:featuredmedia":[{"embeddable":true,"href":"https:\/\/archive.sana.sy\/es\/index.php?rest_route=\/wp\/v2\/media\/314375"}],"wp:attachment":[{"href":"https:\/\/archive.sana.sy\/es\/index.php?rest_route=%2Fwp%2Fv2%2Fmedia&parent=314373"}],"wp:term":[{"taxonomy":"category","embeddable":true,"href":"https:\/\/archive.sana.sy\/es\/index.php?rest_route=%2Fwp%2Fv2%2Fcategories&post=314373"},{"taxonomy":"post_tag","embeddable":true,"href":"https:\/\/archive.sana.sy\/es\/index.php?rest_route=%2Fwp%2Fv2%2Ftags&post=314373"}],"curies":[{"name":"wp","href":"https:\/\/api.w.org\/{rel}","templated":true}]}}