{"id":31440,"date":"2015-10-11T16:54:49","date_gmt":"2015-10-11T13:54:49","guid":{"rendered":"http:\/\/sana.sy\/es\/?p=31440"},"modified":"2015-10-11T16:54:49","modified_gmt":"2015-10-11T13:54:49","slug":"ministerio-de-informacion-y-la-oms-debaten-cooperacion-conjunta","status":"publish","type":"post","link":"https:\/\/archive.sana.sy\/es\/?p=31440","title":{"rendered":"Ministerio de Informaci\u00f3n y la OMS debaten cooperaci\u00f3n conjunta"},"content":{"rendered":"<p><span style=\"color: #800000\">Damasco, SANA<\/span><\/p>\n<p>El ministro de Informaci\u00f3n, Omr\u00e1n al-Zoabi debati\u00f3 con la representante residente de la Organizaci\u00f3n Mundial de Salud, Elizabeth Hoff, las v\u00edas de emplear los medios de comunicaci\u00f3n en los esfuerzos regionales para fortalecer la conciencia sanitaria entre los diferentes segmentos de la poblaci\u00f3n.<\/p>\n<p>El titular expuso los esfuerzos del ministerio por difundir la cultura y la conciencia m\u00e9dica entre el p\u00fablico se\u00f1alando que Siria en los a\u00f1os previos a la crisis hab\u00eda alcanzado niveles avanzados en el sector de salud que contaba con centenares de centros m\u00e9dicos y hospitales.<\/p>\n<p>Por su parte Hoff expres\u00f3 su esperanza de alcanzar un plan com\u00fan con el Ministerio de Informaci\u00f3n e integrar m\u00e1s a los comunic\u00f3logos en los temas de preservar la salud p\u00fablica y proyectarse hacia los sectores m\u00e1s depauperados y las familias alojadas en los centros de acogida temporal, as\u00ed como elogi\u00f3 el papel desempe\u00f1ado por los informadores en las campa\u00f1as de vacunaci\u00f3n.<\/p>\n<p>&nbsp;<br \/>\nRiyad Sh., Lynn A.<\/p>\n","protected":false},"excerpt":{"rendered":"<p>Damasco, SANA El ministro de Informaci\u00f3n, Omr\u00e1n al-Zoabi debati\u00f3 con la representante residente de la Organizaci\u00f3n Mundial de Salud, Elizabeth Hoff, las v\u00edas de emplear los medios de comunicaci\u00f3n en los esfuerzos regionales para fortalecer la conciencia sanitaria entre los diferentes segmentos de la poblaci\u00f3n. El titular expuso los esfuerzos del ministerio por difundir la &hellip;<\/p>\n","protected":false},"author":24,"featured_media":31441,"comment_status":"closed","ping_status":"closed","sticky":false,"template":"","format":"standard","meta":{"footnotes":""},"categories":[477,597,476],"tags":[7003],"class_list":["post-31440","post","type-post","status-publish","format-standard","has-post-thumbnail","","category-noticias-edulcorantes","category-cinta-de-noticias","category-locales","tag-ministerio-de-informacion-y-la-oms-debaten-cooperacion-conjunta"],"_links":{"self":[{"href":"https:\/\/archive.sana.sy\/es\/index.php?rest_route=\/wp\/v2\/posts\/31440"}],"collection":[{"href":"https:\/\/archive.sana.sy\/es\/index.php?rest_route=\/wp\/v2\/posts"}],"about":[{"href":"https:\/\/archive.sana.sy\/es\/index.php?rest_route=\/wp\/v2\/types\/post"}],"author":[{"embeddable":true,"href":"https:\/\/archive.sana.sy\/es\/index.php?rest_route=\/wp\/v2\/users\/24"}],"replies":[{"embeddable":true,"href":"https:\/\/archive.sana.sy\/es\/index.php?rest_route=%2Fwp%2Fv2%2Fcomments&post=31440"}],"version-history":[{"count":0,"href":"https:\/\/archive.sana.sy\/es\/index.php?rest_route=\/wp\/v2\/posts\/31440\/revisions"}],"wp:featuredmedia":[{"embeddable":true,"href":"https:\/\/archive.sana.sy\/es\/index.php?rest_route=\/wp\/v2\/media\/31441"}],"wp:attachment":[{"href":"https:\/\/archive.sana.sy\/es\/index.php?rest_route=%2Fwp%2Fv2%2Fmedia&parent=31440"}],"wp:term":[{"taxonomy":"category","embeddable":true,"href":"https:\/\/archive.sana.sy\/es\/index.php?rest_route=%2Fwp%2Fv2%2Fcategories&post=31440"},{"taxonomy":"post_tag","embeddable":true,"href":"https:\/\/archive.sana.sy\/es\/index.php?rest_route=%2Fwp%2Fv2%2Ftags&post=31440"}],"curies":[{"name":"wp","href":"https:\/\/api.w.org\/{rel}","templated":true}]}}