{"id":314408,"date":"2023-11-15T16:15:47","date_gmt":"2023-11-15T13:15:47","guid":{"rendered":"https:\/\/sana.sy\/es\/?p=314408"},"modified":"2023-11-15T16:16:02","modified_gmt":"2023-11-15T13:16:02","slug":"presidente-al-assad-recibe-a-la-delegacion-de-la-asamblea-nacional-de-armenia","status":"publish","type":"post","link":"https:\/\/archive.sana.sy\/es\/?p=314408","title":{"rendered":"Presidente al-Assad recibe a la delegaci\u00f3n de la Asamblea Nacional de Armenia"},"content":{"rendered":"<p style=\"text-align: justify;\"><span style=\"color: #800000;\"><strong>Damasco, 15 nov (SANA)\u00a0<\/strong> <\/span>El Presidente Bashar al-Assad recibi\u00f3 hoy a la delegaci\u00f3n de la Asamblea Nacional de Armenia encabezada por Hakob Arshakyan, Vicepresidente de la misma.<\/p>\n<p style=\"text-align: justify;\">El Presidente Al-Assad se\u00f1al\u00f3 la profundidad de las relaciones bilaterales entre los dos pa\u00edses amigos.<\/p>\n<p style=\"text-align: justify;\">Asimismo, el mandatario destac\u00f3 necesidad de fortalecer dichas relaciones a la luz de los desaf\u00edos que los pa\u00edses est\u00e1n experimentando y la agitaci\u00f3n que el mundo est\u00e1 presenciando como resultado de las pol\u00edticas de Occidente que sigue buscando dominar y controlar los destinos de los pa\u00edses y pueblos del mundo .<\/p>\n<p style=\"text-align: justify;\">sm<\/p>\n","protected":false},"excerpt":{"rendered":"<p>Damasco, 15 nov (SANA)\u00a0 El Presidente Bashar al-Assad recibi\u00f3 hoy a la delegaci\u00f3n de la Asamblea Nacional de Armenia encabezada por Hakob Arshakyan, Vicepresidente de la misma. El Presidente Al-Assad se\u00f1al\u00f3 la profundidad de las relaciones bilaterales entre los dos pa\u00edses amigos. Asimismo, el mandatario destac\u00f3 necesidad de fortalecer dichas relaciones a la luz de &hellip;<\/p>\n","protected":false},"author":39,"featured_media":314409,"comment_status":"closed","ping_status":"closed","sticky":false,"template":"","format":"standard","meta":{"footnotes":""},"categories":[477,573,20724,476,16237,467,583,626],"tags":[],"class_list":["post-314408","post","type-post","status-publish","format-standard","has-post-thumbnail","","category-noticias-edulcorantes","category-la-realidad-de-los-acontecimientos-en-siria","category-minuto-a-minuto","category-locales","category-presidence-de-la-republique-arabe-syria","category-siria-y-el-mundo","category-slide","category-sr-presidente"],"_links":{"self":[{"href":"https:\/\/archive.sana.sy\/es\/index.php?rest_route=\/wp\/v2\/posts\/314408"}],"collection":[{"href":"https:\/\/archive.sana.sy\/es\/index.php?rest_route=\/wp\/v2\/posts"}],"about":[{"href":"https:\/\/archive.sana.sy\/es\/index.php?rest_route=\/wp\/v2\/types\/post"}],"author":[{"embeddable":true,"href":"https:\/\/archive.sana.sy\/es\/index.php?rest_route=\/wp\/v2\/users\/39"}],"replies":[{"embeddable":true,"href":"https:\/\/archive.sana.sy\/es\/index.php?rest_route=%2Fwp%2Fv2%2Fcomments&post=314408"}],"version-history":[{"count":1,"href":"https:\/\/archive.sana.sy\/es\/index.php?rest_route=\/wp\/v2\/posts\/314408\/revisions"}],"predecessor-version":[{"id":314410,"href":"https:\/\/archive.sana.sy\/es\/index.php?rest_route=\/wp\/v2\/posts\/314408\/revisions\/314410"}],"wp:featuredmedia":[{"embeddable":true,"href":"https:\/\/archive.sana.sy\/es\/index.php?rest_route=\/wp\/v2\/media\/314409"}],"wp:attachment":[{"href":"https:\/\/archive.sana.sy\/es\/index.php?rest_route=%2Fwp%2Fv2%2Fmedia&parent=314408"}],"wp:term":[{"taxonomy":"category","embeddable":true,"href":"https:\/\/archive.sana.sy\/es\/index.php?rest_route=%2Fwp%2Fv2%2Fcategories&post=314408"},{"taxonomy":"post_tag","embeddable":true,"href":"https:\/\/archive.sana.sy\/es\/index.php?rest_route=%2Fwp%2Fv2%2Ftags&post=314408"}],"curies":[{"name":"wp","href":"https:\/\/api.w.org\/{rel}","templated":true}]}}