{"id":314509,"date":"2023-11-17T12:54:39","date_gmt":"2023-11-17T09:54:39","guid":{"rendered":"https:\/\/sana.sy\/es\/?p=314509"},"modified":"2023-11-17T12:55:08","modified_gmt":"2023-11-17T09:55:08","slug":"israel-ataca-varias-aldeas-y-pueblos-en-el-sur-de-libano","status":"publish","type":"post","link":"https:\/\/archive.sana.sy\/es\/?p=314509","title":{"rendered":"\u201cIsrael\u201d ataca varias aldeas y pueblos en el Sur de L\u00edbano"},"content":{"rendered":"<p style=\"text-align: justify;\"><span style=\"color: #800000;\"><strong>Beirut, 17 nov (SANA)<\/strong><\/span> Las fuerzas israel\u00edes llevaron a cabo ataques contra las localidades de Al-Naqoura y Alama al-Shaab, as\u00ed como las \u00e1reas circundantes en el sur de L\u00edbano.<\/p>\n<p style=\"text-align: justify;\">La Agencia Nacional de Noticias del L\u00edbano inform\u00f3 que las fuerzas israel\u00edes bombardearon esta ma\u00f1ana las afueras de las localidades antes mencionadas, y agreg\u00f3 que la noche pasada el enemigo sionista atac\u00f3 las afueras de Ayta Al-Shaab y Ramiya.<\/p>\n<p style=\"text-align: justify;\">Adem\u00e1s, la aviaci\u00f3n israel\u00ed atac\u00f3 ayer tambi\u00e9n los alrededores de la localidad de Al-Naqoura y la monta\u00f1a de Al-Labouneh.<\/p>\n<p style=\"text-align: justify;\">Asimismo, en las primeras horas de esta madrugada, las \u00e1reas de Al-Harej, Tal al-Nahhas y Al-Aziya fueron objeto de bombardeos con artiller\u00eda israel\u00ed, mientras drones enemigos de reconocimiento sobrevolaron la zona hasta la ma\u00f1ana de hoy.<\/p>\n<p style=\"text-align: justify;\"><em><strong>ah\/fm<\/strong><\/em><\/p>\n","protected":false},"excerpt":{"rendered":"<p>Beirut, 17 nov (SANA) Las fuerzas israel\u00edes llevaron a cabo ataques contra las localidades de Al-Naqoura y Alama al-Shaab, as\u00ed como las \u00e1reas circundantes en el sur de L\u00edbano. La Agencia Nacional de Noticias del L\u00edbano inform\u00f3 que las fuerzas israel\u00edes bombardearon esta ma\u00f1ana las afueras de las localidades antes mencionadas, y agreg\u00f3 que la &hellip;<\/p>\n","protected":false},"author":30,"featured_media":314510,"comment_status":"closed","ping_status":"closed","sticky":false,"template":"","format":"standard","meta":{"footnotes":""},"categories":[597,456,16687,20724,7541],"tags":[],"class_list":["post-314509","post","type-post","status-publish","format-standard","has-post-thumbnail","","category-cinta-de-noticias","category-arabe-internacional-politica","category-internacionales","category-minuto-a-minuto","category-ultimas-noticias"],"_links":{"self":[{"href":"https:\/\/archive.sana.sy\/es\/index.php?rest_route=\/wp\/v2\/posts\/314509"}],"collection":[{"href":"https:\/\/archive.sana.sy\/es\/index.php?rest_route=\/wp\/v2\/posts"}],"about":[{"href":"https:\/\/archive.sana.sy\/es\/index.php?rest_route=\/wp\/v2\/types\/post"}],"author":[{"embeddable":true,"href":"https:\/\/archive.sana.sy\/es\/index.php?rest_route=\/wp\/v2\/users\/30"}],"replies":[{"embeddable":true,"href":"https:\/\/archive.sana.sy\/es\/index.php?rest_route=%2Fwp%2Fv2%2Fcomments&post=314509"}],"version-history":[{"count":2,"href":"https:\/\/archive.sana.sy\/es\/index.php?rest_route=\/wp\/v2\/posts\/314509\/revisions"}],"predecessor-version":[{"id":314512,"href":"https:\/\/archive.sana.sy\/es\/index.php?rest_route=\/wp\/v2\/posts\/314509\/revisions\/314512"}],"wp:featuredmedia":[{"embeddable":true,"href":"https:\/\/archive.sana.sy\/es\/index.php?rest_route=\/wp\/v2\/media\/314510"}],"wp:attachment":[{"href":"https:\/\/archive.sana.sy\/es\/index.php?rest_route=%2Fwp%2Fv2%2Fmedia&parent=314509"}],"wp:term":[{"taxonomy":"category","embeddable":true,"href":"https:\/\/archive.sana.sy\/es\/index.php?rest_route=%2Fwp%2Fv2%2Fcategories&post=314509"},{"taxonomy":"post_tag","embeddable":true,"href":"https:\/\/archive.sana.sy\/es\/index.php?rest_route=%2Fwp%2Fv2%2Ftags&post=314509"}],"curies":[{"name":"wp","href":"https:\/\/api.w.org\/{rel}","templated":true}]}}