{"id":314530,"date":"2023-11-17T15:29:13","date_gmt":"2023-11-17T12:29:13","guid":{"rendered":"https:\/\/sana.sy\/es\/?p=314530"},"modified":"2023-11-17T15:29:13","modified_gmt":"2023-11-17T12:29:13","slug":"siria-insta-al-consejo-de-seguridad-adoptar-medidas-urgentes-para-poner-fin-a-las-politicas-agresivas-de-israel","status":"publish","type":"post","link":"https:\/\/archive.sana.sy\/es\/?p=314530","title":{"rendered":"Siria insta al Consejo de Seguridad adoptar medidas urgentes para poner fin a las pol\u00edticas agresivas de \u201cIsrael\u201d"},"content":{"rendered":"<p style=\"text-align: justify;\"><span style=\"color: #800000;\"><strong>Damasco, 17 nov (SANA)\u00a0 \u00a0<\/strong><\/span>El gobierno sirio pidi\u00f3 al Consejo de Seguridad de la ONU que adopte medidas urgentes para poner fin a las pol\u00edticas agresivas y expansionistas de \u201cIsrael\u201d, que amenazan con agravar la situaci\u00f3n en la regi\u00f3n y llevarla hacia una escalada integral.<\/p>\n<p style=\"text-align: justify;\">Por medio de un comunicado, la Canciller\u00eda siria inform\u00f3 que durante la madrugada de hoy, las fuerzas israel\u00edes llevaron a cabo una agresi\u00f3n contra algunas \u00e1reas alrededor de la ciudad de Damasco, lo que caus\u00f3 algunas p\u00e9rdidas materiales.<\/p>\n<p style=\"text-align: justify;\">La continua ocupaci\u00f3n israel\u00ed de los territorios \u00e1rabes en Palestina, el Gol\u00e1n sirio y el sur del L\u00edbano representa una grave amenaza para la paz y la seguridad regionales e internacionales, indic\u00f3 la nota.<\/p>\n<p style=\"text-align: justify;\">Agreg\u00f3 que los cr\u00edmenes de guerra y de lesa humanidad perpetrados por \u201cIsrael\u201d contra el pueblo palestino son el resultado de la incapacidad de los organismos de las Naciones Unidas, especialmente el Consejo de Seguridad, de tomar decisiones que obliguen este brutal r\u00e9gimen a detener las masacres que est\u00e1 cometiendo en la Franja de Gaza.<\/p>\n<p style=\"text-align: justify;\">\u201cSiria advierte las autoridades israel\u00edes de proseguir sus ataques contra territorios sirios y afirma su derecho inalienable a defender su soberan\u00eda, independencia e integridad territorial, y su determinaci\u00f3n de recuperar plenamente el Gol\u00e1n \u00e1rabe sirio ocupado hasta las fronteras del 4 de junio de 1967\u201d, concluy\u00f3 la Canciller\u00eda.<\/p>\n<p style=\"text-align: justify;\">sm\/fm<\/p>\n","protected":false},"excerpt":{"rendered":"<p>Damasco, 17 nov (SANA)\u00a0 \u00a0El gobierno sirio pidi\u00f3 al Consejo de Seguridad de la ONU que adopte medidas urgentes para poner fin a las pol\u00edticas agresivas y expansionistas de \u201cIsrael\u201d, que amenazan con agravar la situaci\u00f3n en la regi\u00f3n y llevarla hacia una escalada integral. Por medio de un comunicado, la Canciller\u00eda siria inform\u00f3 que &hellip;<\/p>\n","protected":false},"author":39,"featured_media":314531,"comment_status":"closed","ping_status":"closed","sticky":false,"template":"","format":"standard","meta":{"footnotes":""},"categories":[477,597,573,20724,476,7541],"tags":[],"class_list":["post-314530","post","type-post","status-publish","format-standard","has-post-thumbnail","","category-noticias-edulcorantes","category-cinta-de-noticias","category-la-realidad-de-los-acontecimientos-en-siria","category-minuto-a-minuto","category-locales","category-ultimas-noticias"],"_links":{"self":[{"href":"https:\/\/archive.sana.sy\/es\/index.php?rest_route=\/wp\/v2\/posts\/314530"}],"collection":[{"href":"https:\/\/archive.sana.sy\/es\/index.php?rest_route=\/wp\/v2\/posts"}],"about":[{"href":"https:\/\/archive.sana.sy\/es\/index.php?rest_route=\/wp\/v2\/types\/post"}],"author":[{"embeddable":true,"href":"https:\/\/archive.sana.sy\/es\/index.php?rest_route=\/wp\/v2\/users\/39"}],"replies":[{"embeddable":true,"href":"https:\/\/archive.sana.sy\/es\/index.php?rest_route=%2Fwp%2Fv2%2Fcomments&post=314530"}],"version-history":[{"count":1,"href":"https:\/\/archive.sana.sy\/es\/index.php?rest_route=\/wp\/v2\/posts\/314530\/revisions"}],"predecessor-version":[{"id":314532,"href":"https:\/\/archive.sana.sy\/es\/index.php?rest_route=\/wp\/v2\/posts\/314530\/revisions\/314532"}],"wp:featuredmedia":[{"embeddable":true,"href":"https:\/\/archive.sana.sy\/es\/index.php?rest_route=\/wp\/v2\/media\/314531"}],"wp:attachment":[{"href":"https:\/\/archive.sana.sy\/es\/index.php?rest_route=%2Fwp%2Fv2%2Fmedia&parent=314530"}],"wp:term":[{"taxonomy":"category","embeddable":true,"href":"https:\/\/archive.sana.sy\/es\/index.php?rest_route=%2Fwp%2Fv2%2Fcategories&post=314530"},{"taxonomy":"post_tag","embeddable":true,"href":"https:\/\/archive.sana.sy\/es\/index.php?rest_route=%2Fwp%2Fv2%2Ftags&post=314530"}],"curies":[{"name":"wp","href":"https:\/\/api.w.org\/{rel}","templated":true}]}}