{"id":314536,"date":"2023-11-17T16:47:15","date_gmt":"2023-11-17T13:47:15","guid":{"rendered":"https:\/\/sana.sy\/es\/?p=314536"},"modified":"2023-11-17T16:47:28","modified_gmt":"2023-11-17T13:47:28","slug":"ataques-aereos-israelies-contra-jenin-cisjordania-matan-a-tres-palestinos","status":"publish","type":"post","link":"https:\/\/archive.sana.sy\/es\/?p=314536","title":{"rendered":"Ataques a\u00e9reos israel\u00edes contra Jenin\/Cisjordania matan a tres palestinos"},"content":{"rendered":"<p style=\"text-align: justify;\"><span style=\"color: #800000;\"><strong>Jerusal\u00e9n ocupada, 17 nov (SANA)<\/strong><\/span> Tres palestinos perdieron la vida y otros nueve resultaron heridos en bombardeos a\u00e9reos israel\u00edes contra el campamento de Jenin, en Cisjordania.<\/p>\n<p style=\"text-align: justify;\">La agencia palestina Wafa inform\u00f3 que un dron bombarde\u00f3 un grupo de palestinos en el vecindario de Al-Hawashin en el referido campamento, matando a tres de ellos e hiriendo a otros nueve.<\/p>\n<p style=\"text-align: justify;\">Se\u00f1al\u00f3 que las fuerzas de ocupaci\u00f3n asaltaron la ciudad de Jenin con m\u00e1s de 80 veh\u00edculos blindados y excavadoras, y arrestaron a varios palestinos en el barrio de Jabriyat e hicieron estallar varios veh\u00edculos.<\/p>\n<p style=\"text-align: justify;\">El medio agreg\u00f3 que los militares sionistas cerraron las entradas a la ciudad de Jenin y procedieron a destruir la infraestructura y arrasar las calles con buld\u00f3ceres.<\/p>\n<p style=\"text-align: justify;\">Tambi\u00e9n irrumpieron en el hospital de Jenin, atacaron los equipos de emergencia y arrestaron a varios param\u00e9dicos antes de exigir la evacuaci\u00f3n inmediata del centro hospitalario.<\/p>\n<p style=\"text-align: justify;\">Por otro lado, los medios israel\u00edes reconocieron la muerte de un soldado y heridas de otros 3 de las fuerzas de \u00e9lite del ej\u00e9rcito de ocupaci\u00f3n en enfrentamientos con la resistencia palestina.<\/p>\n<p style=\"text-align: justify;\">sm\/fm<\/p>\n","protected":false},"excerpt":{"rendered":"<p>Jerusal\u00e9n ocupada, 17 nov (SANA) Tres palestinos perdieron la vida y otros nueve resultaron heridos en bombardeos a\u00e9reos israel\u00edes contra el campamento de Jenin, en Cisjordania. La agencia palestina Wafa inform\u00f3 que un dron bombarde\u00f3 un grupo de palestinos en el vecindario de Al-Hawashin en el referido campamento, matando a tres de ellos e hiriendo &hellip;<\/p>\n","protected":false},"author":39,"featured_media":314537,"comment_status":"closed","ping_status":"closed","sticky":false,"template":"","format":"standard","meta":{"footnotes":""},"categories":[597,456,16687,20724,7541],"tags":[],"class_list":["post-314536","post","type-post","status-publish","format-standard","has-post-thumbnail","","category-cinta-de-noticias","category-arabe-internacional-politica","category-internacionales","category-minuto-a-minuto","category-ultimas-noticias"],"_links":{"self":[{"href":"https:\/\/archive.sana.sy\/es\/index.php?rest_route=\/wp\/v2\/posts\/314536"}],"collection":[{"href":"https:\/\/archive.sana.sy\/es\/index.php?rest_route=\/wp\/v2\/posts"}],"about":[{"href":"https:\/\/archive.sana.sy\/es\/index.php?rest_route=\/wp\/v2\/types\/post"}],"author":[{"embeddable":true,"href":"https:\/\/archive.sana.sy\/es\/index.php?rest_route=\/wp\/v2\/users\/39"}],"replies":[{"embeddable":true,"href":"https:\/\/archive.sana.sy\/es\/index.php?rest_route=%2Fwp%2Fv2%2Fcomments&post=314536"}],"version-history":[{"count":1,"href":"https:\/\/archive.sana.sy\/es\/index.php?rest_route=\/wp\/v2\/posts\/314536\/revisions"}],"predecessor-version":[{"id":314538,"href":"https:\/\/archive.sana.sy\/es\/index.php?rest_route=\/wp\/v2\/posts\/314536\/revisions\/314538"}],"wp:featuredmedia":[{"embeddable":true,"href":"https:\/\/archive.sana.sy\/es\/index.php?rest_route=\/wp\/v2\/media\/314537"}],"wp:attachment":[{"href":"https:\/\/archive.sana.sy\/es\/index.php?rest_route=%2Fwp%2Fv2%2Fmedia&parent=314536"}],"wp:term":[{"taxonomy":"category","embeddable":true,"href":"https:\/\/archive.sana.sy\/es\/index.php?rest_route=%2Fwp%2Fv2%2Fcategories&post=314536"},{"taxonomy":"post_tag","embeddable":true,"href":"https:\/\/archive.sana.sy\/es\/index.php?rest_route=%2Fwp%2Fv2%2Ftags&post=314536"}],"curies":[{"name":"wp","href":"https:\/\/api.w.org\/{rel}","templated":true}]}}