{"id":314596,"date":"2023-11-18T14:13:42","date_gmt":"2023-11-18T11:13:42","guid":{"rendered":"https:\/\/sana.sy\/es\/?p=314596"},"modified":"2023-11-18T14:13:42","modified_gmt":"2023-11-18T11:13:42","slug":"confirman-la-muerte-del-coronel-rafi-nachman-y-de-otros-3-soldados-de-las-fuerzas-de-elite-del-ejercito-israeli-en-choques-con-la-resistencia-palestina-en-el-norte-de-gaza","status":"publish","type":"post","link":"https:\/\/archive.sana.sy\/es\/?p=314596","title":{"rendered":"Confirman la muerte del coronel Rafi Nachman y de otros 3 soldados de las fuerzas de \u00e9lite del ej\u00e9rcito israel\u00ed, en choques con la resistencia palestina en el norte de Gaza."},"content":{"rendered":"","protected":false},"excerpt":{"rendered":"","protected":false},"author":32,"featured_media":0,"comment_status":"closed","ping_status":"closed","sticky":false,"template":"","format":"standard","meta":{"footnotes":""},"categories":[20724,596],"tags":[],"class_list":["post-314596","post","type-post","status-publish","format-standard","","category-minuto-a-minuto","category-urgente"],"_links":{"self":[{"href":"https:\/\/archive.sana.sy\/es\/index.php?rest_route=\/wp\/v2\/posts\/314596"}],"collection":[{"href":"https:\/\/archive.sana.sy\/es\/index.php?rest_route=\/wp\/v2\/posts"}],"about":[{"href":"https:\/\/archive.sana.sy\/es\/index.php?rest_route=\/wp\/v2\/types\/post"}],"author":[{"embeddable":true,"href":"https:\/\/archive.sana.sy\/es\/index.php?rest_route=\/wp\/v2\/users\/32"}],"replies":[{"embeddable":true,"href":"https:\/\/archive.sana.sy\/es\/index.php?rest_route=%2Fwp%2Fv2%2Fcomments&post=314596"}],"version-history":[{"count":1,"href":"https:\/\/archive.sana.sy\/es\/index.php?rest_route=\/wp\/v2\/posts\/314596\/revisions"}],"predecessor-version":[{"id":314597,"href":"https:\/\/archive.sana.sy\/es\/index.php?rest_route=\/wp\/v2\/posts\/314596\/revisions\/314597"}],"wp:attachment":[{"href":"https:\/\/archive.sana.sy\/es\/index.php?rest_route=%2Fwp%2Fv2%2Fmedia&parent=314596"}],"wp:term":[{"taxonomy":"category","embeddable":true,"href":"https:\/\/archive.sana.sy\/es\/index.php?rest_route=%2Fwp%2Fv2%2Fcategories&post=314596"},{"taxonomy":"post_tag","embeddable":true,"href":"https:\/\/archive.sana.sy\/es\/index.php?rest_route=%2Fwp%2Fv2%2Ftags&post=314596"}],"curies":[{"name":"wp","href":"https:\/\/api.w.org\/{rel}","templated":true}]}}