{"id":31460,"date":"2015-10-12T13:36:33","date_gmt":"2015-10-12T10:36:33","guid":{"rendered":"http:\/\/sana.sy\/es\/?p=31460"},"modified":"2015-10-12T13:36:33","modified_gmt":"2015-10-12T10:36:33","slug":"merkel-llama-a-aumentar-los-esfuerzos-para-resolver-la-crisis-siria","status":"publish","type":"post","link":"https:\/\/archive.sana.sy\/es\/?p=31460","title":{"rendered":"Merkel llama a aumentar los esfuerzos para resolver la crisis siria"},"content":{"rendered":"<p><span style=\"color: #800000\"><strong>Berl\u00edn, SANA<\/strong><\/span><\/p>\n<p><strong>La canciller\u00eda federal alemana, \u00c1ngela Merkel, llam\u00f3 a aumentar los esfuerzos para encontrar una soluci\u00f3n pol\u00edtica a la crisis en Siria y fortalecer la estabilidad en los pa\u00edses vecinos.<\/strong><\/p>\n<p><strong>Merkel en una entrevista con el peri\u00f3dico alem\u00e1n Bild dijo que la diplomacia de todo occidente y los pa\u00edses \u00e1rabes y Rusia\u00a0 aun no lograron \u00e9xito en Siria pero\u00a0 eso no significa rendirse al contrario\u00a0 debemos aumentar los esfuerzos para buscar una soluci\u00f3n pol\u00edtica.<\/strong><\/p>\n<p><strong>La canciller\u00eda a\u00f1adi\u00f3 que la crisis de la emigraci\u00f3n hacia Europa muestra que Siria est\u00e1 por las entradas de Europa.<\/strong><\/p>\n<p><span style=\"color: #00ccff\">Hala B., Riad Sh.<\/span><\/p>\n<p><strong>\u00a0<\/strong><\/p>\n","protected":false},"excerpt":{"rendered":"<p>Berl\u00edn, SANA La canciller\u00eda federal alemana, \u00c1ngela Merkel, llam\u00f3 a aumentar los esfuerzos para encontrar una soluci\u00f3n pol\u00edtica a la crisis en Siria y fortalecer la estabilidad en los pa\u00edses vecinos. Merkel en una entrevista con el peri\u00f3dico alem\u00e1n Bild dijo que la diplomacia de todo occidente y los pa\u00edses \u00e1rabes y Rusia\u00a0 aun no &hellip;<\/p>\n","protected":false},"author":1,"featured_media":31461,"comment_status":"closed","ping_status":"closed","sticky":false,"template":"","format":"standard","meta":{"footnotes":""},"categories":[456,457,576],"tags":[7005],"class_list":["post-31460","post","type-post","status-publish","format-standard","has-post-thumbnail","","category-arabe-internacional-politica","category-noticias-arabe-internacional-politica","category-noticias-politicas","tag-merkel-llama-a-aumentar-los-esfuerzos-para-resolver-la-crisis-siria"],"_links":{"self":[{"href":"https:\/\/archive.sana.sy\/es\/index.php?rest_route=\/wp\/v2\/posts\/31460"}],"collection":[{"href":"https:\/\/archive.sana.sy\/es\/index.php?rest_route=\/wp\/v2\/posts"}],"about":[{"href":"https:\/\/archive.sana.sy\/es\/index.php?rest_route=\/wp\/v2\/types\/post"}],"author":[{"embeddable":true,"href":"https:\/\/archive.sana.sy\/es\/index.php?rest_route=\/wp\/v2\/users\/1"}],"replies":[{"embeddable":true,"href":"https:\/\/archive.sana.sy\/es\/index.php?rest_route=%2Fwp%2Fv2%2Fcomments&post=31460"}],"version-history":[{"count":0,"href":"https:\/\/archive.sana.sy\/es\/index.php?rest_route=\/wp\/v2\/posts\/31460\/revisions"}],"wp:featuredmedia":[{"embeddable":true,"href":"https:\/\/archive.sana.sy\/es\/index.php?rest_route=\/wp\/v2\/media\/31461"}],"wp:attachment":[{"href":"https:\/\/archive.sana.sy\/es\/index.php?rest_route=%2Fwp%2Fv2%2Fmedia&parent=31460"}],"wp:term":[{"taxonomy":"category","embeddable":true,"href":"https:\/\/archive.sana.sy\/es\/index.php?rest_route=%2Fwp%2Fv2%2Fcategories&post=31460"},{"taxonomy":"post_tag","embeddable":true,"href":"https:\/\/archive.sana.sy\/es\/index.php?rest_route=%2Fwp%2Fv2%2Ftags&post=31460"}],"curies":[{"name":"wp","href":"https:\/\/api.w.org\/{rel}","templated":true}]}}