{"id":314616,"date":"2023-11-18T15:45:32","date_gmt":"2023-11-18T12:45:32","guid":{"rendered":"https:\/\/sana.sy\/es\/?p=314616"},"modified":"2023-11-18T15:50:06","modified_gmt":"2023-11-18T12:50:06","slug":"ejercito-sirio-repele-ataques-terroristas-con-drones","status":"publish","type":"post","link":"https:\/\/archive.sana.sy\/es\/?p=314616","title":{"rendered":"Ej\u00e9rcito sirio repele ataques terroristas con drones"},"content":{"rendered":"<p style=\"text-align: justify;\"><span style=\"color: #800000;\"><strong>Damasco, 18 nov (SANA)<\/strong><\/span> Las Fuerzas Armadas de Siria rechazaron hoy ataques terroristas con veh\u00edculos a\u00e9reos no tripulados, en las provincias de Alepo en el norte, y Latakia en el noroeste del pa\u00eds.<\/p>\n<p style=\"text-align: justify;\">El Ministerio de Defensa indic\u00f3 que los radicales pretend\u00edan atacar a puntos militares y comunidades civiles en las zonas rurales de las dos gobernaciones antes mencionadas.<\/p>\n<p style=\"text-align: justify;\">Confirm\u00f3 el derribo de cuatro de estos aparatos a\u00e9reos cargados con explosivos y proyectiles.<\/p>\n<p style=\"text-align: justify;\">El pasado d\u00eda 13 de este mes, las unidades del Ej\u00e9rcito derribaron varios drones terroristas, en las zonas rurales de las provincias de Hama, Idlib y Alepo, en el noroeste del pa\u00eds.<\/p>\n<p style=\"text-align: justify;\">Uno de los veh\u00edculos a\u00e9reos no tripulados derribados en la localidad de Jurin, en el norte de Hama, estaba equipado con un motor de cohete de combustible l\u00edquido de cuatro metros de largo, y sus alas miden seis metros, y est\u00e1 cargado con 100 kilogramos de materiales explosivos.<\/p>\n<p style=\"text-align: justify;\">Mientras el pasado d\u00eda 8, los militares sirios repelieron similares ataques terroristas y derribaron 10 veh\u00edculos a\u00e9reos no tripulados, en las provincias de Alepo e Idlib.<\/p>\n<p style=\"text-align: justify;\">Oficiales rusos y sirios de alto rango informaron recientemente que las fuerzas armadas sirias y rusas bombardearon y destruyeron durante los \u00faltimos 30 d\u00edas, mil 125 objetivos de los grupos terroristas en la provincia septentrional de Idlib.<\/p>\n<p style=\"text-align: justify;\">Explicaron que estos operativos fueron en respuesta al ataque con drones contra una ceremonia de graduaci\u00f3n de cadetes de la Academia Militar en la provincia siria de Homs, el d\u00eda 5 de octubre pasado.<\/p>\n<div id='gallery-1' class='gallery galleryid-314616 gallery-columns-1 gallery-size-full'><figure class='gallery-item'>\n\t\t\t<div class='gallery-icon portrait'>\n\t\t\t\t<a href='https:\/\/archive.sana.sy\/es\/wp-content\/uploads\/2023\/11\/78.jpg'><img loading=\"lazy\" decoding=\"async\" width=\"621\" height=\"914\" src=\"https:\/\/archive.sana.sy\/es\/wp-content\/uploads\/2023\/11\/78.jpg\" class=\"attachment-full size-full\" alt=\"\" srcset=\"https:\/\/archive.sana.sy\/es\/wp-content\/uploads\/2023\/11\/78.jpg 621w, https:\/\/archive.sana.sy\/es\/wp-content\/uploads\/2023\/11\/78-204x300.jpg 204w, https:\/\/archive.sana.sy\/es\/wp-content\/uploads\/2023\/11\/78-102x150.jpg 102w\" sizes=\"(max-width: 621px) 100vw, 621px\" \/><\/a>\n\t\t\t<\/div><\/figure><figure class='gallery-item'>\n\t\t\t<div class='gallery-icon portrait'>\n\t\t\t\t<a href='https:\/\/archive.sana.sy\/es\/wp-content\/uploads\/2023\/11\/79.jpg'><img loading=\"lazy\" decoding=\"async\" width=\"724\" height=\"774\" src=\"https:\/\/archive.sana.sy\/es\/wp-content\/uploads\/2023\/11\/79.jpg\" class=\"attachment-full size-full\" alt=\"\" srcset=\"https:\/\/archive.sana.sy\/es\/wp-content\/uploads\/2023\/11\/79.jpg 724w, https:\/\/archive.sana.sy\/es\/wp-content\/uploads\/2023\/11\/79-281x300.jpg 281w, https:\/\/archive.sana.sy\/es\/wp-content\/uploads\/2023\/11\/79-140x150.jpg 140w\" sizes=\"(max-width: 724px) 100vw, 724px\" \/><\/a>\n\t\t\t<\/div><\/figure><figure class='gallery-item'>\n\t\t\t<div class='gallery-icon portrait'>\n\t\t\t\t<a href='https:\/\/archive.sana.sy\/es\/wp-content\/uploads\/2023\/11\/17552.jpg'><img loading=\"lazy\" decoding=\"async\" width=\"774\" height=\"1032\" src=\"https:\/\/archive.sana.sy\/es\/wp-content\/uploads\/2023\/11\/17552.jpg\" class=\"attachment-full size-full\" alt=\"\" srcset=\"https:\/\/archive.sana.sy\/es\/wp-content\/uploads\/2023\/11\/17552.jpg 774w, https:\/\/archive.sana.sy\/es\/wp-content\/uploads\/2023\/11\/17552-225x300.jpg 225w, https:\/\/archive.sana.sy\/es\/wp-content\/uploads\/2023\/11\/17552-768x1024.jpg 768w, https:\/\/archive.sana.sy\/es\/wp-content\/uploads\/2023\/11\/17552-113x150.jpg 113w\" sizes=\"(max-width: 774px) 100vw, 774px\" \/><\/a>\n\t\t\t<\/div><\/figure>\n\t\t<\/div>\n\n<p style=\"text-align: justify;\">fm\/ed<\/p>\n","protected":false},"excerpt":{"rendered":"<p>Damasco, 18 nov (SANA) Las Fuerzas Armadas de Siria rechazaron hoy ataques terroristas con veh\u00edculos a\u00e9reos no tripulados, en las provincias de Alepo en el norte, y Latakia en el noroeste del pa\u00eds. El Ministerio de Defensa indic\u00f3 que los radicales pretend\u00edan atacar a puntos militares y comunidades civiles en las zonas rurales de las &hellip;<\/p>\n","protected":false},"author":32,"featured_media":314622,"comment_status":"closed","ping_status":"closed","sticky":false,"template":"","format":"standard","meta":{"footnotes":""},"categories":[477,597,573,20724,476,583],"tags":[],"class_list":["post-314616","post","type-post","status-publish","format-standard","has-post-thumbnail","","category-noticias-edulcorantes","category-cinta-de-noticias","category-la-realidad-de-los-acontecimientos-en-siria","category-minuto-a-minuto","category-locales","category-slide"],"_links":{"self":[{"href":"https:\/\/archive.sana.sy\/es\/index.php?rest_route=\/wp\/v2\/posts\/314616"}],"collection":[{"href":"https:\/\/archive.sana.sy\/es\/index.php?rest_route=\/wp\/v2\/posts"}],"about":[{"href":"https:\/\/archive.sana.sy\/es\/index.php?rest_route=\/wp\/v2\/types\/post"}],"author":[{"embeddable":true,"href":"https:\/\/archive.sana.sy\/es\/index.php?rest_route=\/wp\/v2\/users\/32"}],"replies":[{"embeddable":true,"href":"https:\/\/archive.sana.sy\/es\/index.php?rest_route=%2Fwp%2Fv2%2Fcomments&post=314616"}],"version-history":[{"count":1,"href":"https:\/\/archive.sana.sy\/es\/index.php?rest_route=\/wp\/v2\/posts\/314616\/revisions"}],"predecessor-version":[{"id":314621,"href":"https:\/\/archive.sana.sy\/es\/index.php?rest_route=\/wp\/v2\/posts\/314616\/revisions\/314621"}],"wp:featuredmedia":[{"embeddable":true,"href":"https:\/\/archive.sana.sy\/es\/index.php?rest_route=\/wp\/v2\/media\/314622"}],"wp:attachment":[{"href":"https:\/\/archive.sana.sy\/es\/index.php?rest_route=%2Fwp%2Fv2%2Fmedia&parent=314616"}],"wp:term":[{"taxonomy":"category","embeddable":true,"href":"https:\/\/archive.sana.sy\/es\/index.php?rest_route=%2Fwp%2Fv2%2Fcategories&post=314616"},{"taxonomy":"post_tag","embeddable":true,"href":"https:\/\/archive.sana.sy\/es\/index.php?rest_route=%2Fwp%2Fv2%2Ftags&post=314616"}],"curies":[{"name":"wp","href":"https:\/\/api.w.org\/{rel}","templated":true}]}}