{"id":314623,"date":"2023-11-18T15:59:00","date_gmt":"2023-11-18T12:59:00","guid":{"rendered":"https:\/\/sana.sy\/es\/?p=314623"},"modified":"2023-11-18T16:01:08","modified_gmt":"2023-11-18T13:01:08","slug":"27-productores-sirios-presentan-sus-creaciones-artesanales-en-una-feria-fotos","status":"publish","type":"post","link":"https:\/\/archive.sana.sy\/es\/?p=314623","title":{"rendered":"27 productores sirios presentan sus creaciones artesanales en una feria (+ fotos)"},"content":{"rendered":"<p style=\"text-align: justify;\"><span style=\"color: #800000;\"><strong>\u00a0Sweida, 18 nov (SANA)<\/strong><\/span> Artesan\u00edas y trabajos hechos a mano fueron exhibidos hoy en una feria organizada por la Asociaci\u00f3n de Artesan\u00eda Oriental, en la provincia de Sweida, en el sur del pa\u00eds.<\/p>\n<p style=\"text-align: justify;\">La muestra, realizada la sede provincial de la Uni\u00f3n de Bellas Artes bajo el t\u00edtulo: Creatividad Sin Fronteras, tiene una duraci\u00f3n de cinco d\u00edas y cuenta con la participaci\u00f3n de 27 artesanos y microempresarios productores.<\/p>\n<p style=\"text-align: justify;\">Los participantes presentan obras que incluyen artesan\u00edas de lana, bordados, textiles, herramientas patrimoniales, antig\u00fcedades, tallas en madera, complementos y productos alimentarios locales.<\/p>\n<p style=\"text-align: justify;\">El jefe de la Uni\u00f3n General de Artesanos, Naji Al-Hadwi, declar\u00f3 a nuestra agencia que la exposici\u00f3n se enmarca dentro del plan de trabajo de la Uni\u00f3n para apoyar a los artesanos y preservar el patrimonio popular, que representa un espejo de la civilizaci\u00f3n siria.<\/p>\n<div id='gallery-1' class='gallery galleryid-314623 gallery-columns-1 gallery-size-full'><figure class='gallery-item'>\n\t\t\t<div class='gallery-icon landscape'>\n\t\t\t\t<a href='https:\/\/archive.sana.sy\/es\/wp-content\/uploads\/2023\/11\/aa3c.jpg'><img loading=\"lazy\" decoding=\"async\" width=\"2048\" height=\"1212\" src=\"https:\/\/archive.sana.sy\/es\/wp-content\/uploads\/2023\/11\/aa3c.jpg\" class=\"attachment-full size-full\" alt=\"\" srcset=\"https:\/\/archive.sana.sy\/es\/wp-content\/uploads\/2023\/11\/aa3c.jpg 2048w, https:\/\/archive.sana.sy\/es\/wp-content\/uploads\/2023\/11\/aa3c-300x178.jpg 300w, https:\/\/archive.sana.sy\/es\/wp-content\/uploads\/2023\/11\/aa3c-1024x606.jpg 1024w, https:\/\/archive.sana.sy\/es\/wp-content\/uploads\/2023\/11\/aa3c-150x89.jpg 150w, https:\/\/archive.sana.sy\/es\/wp-content\/uploads\/2023\/11\/aa3c-768x455.jpg 768w, https:\/\/archive.sana.sy\/es\/wp-content\/uploads\/2023\/11\/aa3c-1536x909.jpg 1536w\" sizes=\"(max-width: 2048px) 100vw, 2048px\" \/><\/a>\n\t\t\t<\/div><\/figure><figure class='gallery-item'>\n\t\t\t<div class='gallery-icon landscape'>\n\t\t\t\t<a href='https:\/\/archive.sana.sy\/es\/wp-content\/uploads\/2023\/11\/22c.jpg'><img loading=\"lazy\" decoding=\"async\" width=\"2048\" height=\"1506\" src=\"https:\/\/archive.sana.sy\/es\/wp-content\/uploads\/2023\/11\/22c.jpg\" class=\"attachment-full size-full\" alt=\"\" srcset=\"https:\/\/archive.sana.sy\/es\/wp-content\/uploads\/2023\/11\/22c.jpg 2048w, https:\/\/archive.sana.sy\/es\/wp-content\/uploads\/2023\/11\/22c-300x221.jpg 300w, https:\/\/archive.sana.sy\/es\/wp-content\/uploads\/2023\/11\/22c-1024x753.jpg 1024w, https:\/\/archive.sana.sy\/es\/wp-content\/uploads\/2023\/11\/22c-150x110.jpg 150w, https:\/\/archive.sana.sy\/es\/wp-content\/uploads\/2023\/11\/22c-768x565.jpg 768w, https:\/\/archive.sana.sy\/es\/wp-content\/uploads\/2023\/11\/22c-1536x1130.jpg 1536w\" sizes=\"(max-width: 2048px) 100vw, 2048px\" \/><\/a>\n\t\t\t<\/div><\/figure><figure class='gallery-item'>\n\t\t\t<div class='gallery-icon landscape'>\n\t\t\t\t<a href='https:\/\/archive.sana.sy\/es\/wp-content\/uploads\/2023\/11\/114c.jpg'><img loading=\"lazy\" decoding=\"async\" width=\"2048\" height=\"1282\" src=\"https:\/\/archive.sana.sy\/es\/wp-content\/uploads\/2023\/11\/114c.jpg\" class=\"attachment-full size-full\" alt=\"\" srcset=\"https:\/\/archive.sana.sy\/es\/wp-content\/uploads\/2023\/11\/114c.jpg 2048w, https:\/\/archive.sana.sy\/es\/wp-content\/uploads\/2023\/11\/114c-300x188.jpg 300w, https:\/\/archive.sana.sy\/es\/wp-content\/uploads\/2023\/11\/114c-1024x641.jpg 1024w, https:\/\/archive.sana.sy\/es\/wp-content\/uploads\/2023\/11\/114c-150x94.jpg 150w, https:\/\/archive.sana.sy\/es\/wp-content\/uploads\/2023\/11\/114c-768x481.jpg 768w, https:\/\/archive.sana.sy\/es\/wp-content\/uploads\/2023\/11\/114c-1536x962.jpg 1536w\" sizes=\"(max-width: 2048px) 100vw, 2048px\" \/><\/a>\n\t\t\t<\/div><\/figure><figure class='gallery-item'>\n\t\t\t<div class='gallery-icon landscape'>\n\t\t\t\t<a href='https:\/\/archive.sana.sy\/es\/wp-content\/uploads\/2023\/11\/11c.jpg'><img loading=\"lazy\" decoding=\"async\" width=\"2048\" height=\"1372\" src=\"https:\/\/archive.sana.sy\/es\/wp-content\/uploads\/2023\/11\/11c.jpg\" class=\"attachment-full size-full\" alt=\"\" srcset=\"https:\/\/archive.sana.sy\/es\/wp-content\/uploads\/2023\/11\/11c.jpg 2048w, https:\/\/archive.sana.sy\/es\/wp-content\/uploads\/2023\/11\/11c-300x201.jpg 300w, https:\/\/archive.sana.sy\/es\/wp-content\/uploads\/2023\/11\/11c-1024x686.jpg 1024w, https:\/\/archive.sana.sy\/es\/wp-content\/uploads\/2023\/11\/11c-150x100.jpg 150w, https:\/\/archive.sana.sy\/es\/wp-content\/uploads\/2023\/11\/11c-768x515.jpg 768w, https:\/\/archive.sana.sy\/es\/wp-content\/uploads\/2023\/11\/11c-1536x1029.jpg 1536w, https:\/\/archive.sana.sy\/es\/wp-content\/uploads\/2023\/11\/11c-110x75.jpg 110w\" sizes=\"(max-width: 2048px) 100vw, 2048px\" \/><\/a>\n\t\t\t<\/div><\/figure><figure class='gallery-item'>\n\t\t\t<div class='gallery-icon landscape'>\n\t\t\t\t<a href='https:\/\/archive.sana.sy\/es\/wp-content\/uploads\/2023\/11\/11147.jpg'><img loading=\"lazy\" decoding=\"async\" width=\"2048\" height=\"1312\" src=\"https:\/\/archive.sana.sy\/es\/wp-content\/uploads\/2023\/11\/11147.jpg\" class=\"attachment-full size-full\" alt=\"\" srcset=\"https:\/\/archive.sana.sy\/es\/wp-content\/uploads\/2023\/11\/11147.jpg 2048w, https:\/\/archive.sana.sy\/es\/wp-content\/uploads\/2023\/11\/11147-300x192.jpg 300w, https:\/\/archive.sana.sy\/es\/wp-content\/uploads\/2023\/11\/11147-1024x656.jpg 1024w, https:\/\/archive.sana.sy\/es\/wp-content\/uploads\/2023\/11\/11147-150x96.jpg 150w, https:\/\/archive.sana.sy\/es\/wp-content\/uploads\/2023\/11\/11147-768x492.jpg 768w, https:\/\/archive.sana.sy\/es\/wp-content\/uploads\/2023\/11\/11147-1536x984.jpg 1536w\" sizes=\"(max-width: 2048px) 100vw, 2048px\" \/><\/a>\n\t\t\t<\/div><\/figure><figure class='gallery-item'>\n\t\t\t<div class='gallery-icon landscape'>\n\t\t\t\t<a href='https:\/\/archive.sana.sy\/es\/wp-content\/uploads\/2023\/11\/11114.jpg'><img loading=\"lazy\" decoding=\"async\" width=\"2048\" height=\"1364\" src=\"https:\/\/archive.sana.sy\/es\/wp-content\/uploads\/2023\/11\/11114.jpg\" class=\"attachment-full size-full\" alt=\"\" srcset=\"https:\/\/archive.sana.sy\/es\/wp-content\/uploads\/2023\/11\/11114.jpg 2048w, https:\/\/archive.sana.sy\/es\/wp-content\/uploads\/2023\/11\/11114-300x200.jpg 300w, https:\/\/archive.sana.sy\/es\/wp-content\/uploads\/2023\/11\/11114-1024x682.jpg 1024w, https:\/\/archive.sana.sy\/es\/wp-content\/uploads\/2023\/11\/11114-150x100.jpg 150w, https:\/\/archive.sana.sy\/es\/wp-content\/uploads\/2023\/11\/11114-768x512.jpg 768w, https:\/\/archive.sana.sy\/es\/wp-content\/uploads\/2023\/11\/11114-1536x1023.jpg 1536w, https:\/\/archive.sana.sy\/es\/wp-content\/uploads\/2023\/11\/11114-310x205.jpg 310w\" sizes=\"(max-width: 2048px) 100vw, 2048px\" \/><\/a>\n\t\t\t<\/div><\/figure>\n\t\t<\/div>\n\n<p style=\"text-align: justify;\">fm\/ed<\/p>\n","protected":false},"excerpt":{"rendered":"<p>\u00a0Sweida, 18 nov (SANA) Artesan\u00edas y trabajos hechos a mano fueron exhibidos hoy en una feria organizada por la Asociaci\u00f3n de Artesan\u00eda Oriental, en la provincia de Sweida, en el sur del pa\u00eds. La muestra, realizada la sede provincial de la Uni\u00f3n de Bellas Artes bajo el t\u00edtulo: Creatividad Sin Fronteras, tiene una duraci\u00f3n de &hellip;<\/p>\n","protected":false},"author":32,"featured_media":314624,"comment_status":"closed","ping_status":"closed","sticky":false,"template":"","format":"standard","meta":{"footnotes":""},"categories":[477,597,510,20724,476,7541],"tags":[],"class_list":["post-314623","post","type-post","status-publish","format-standard","has-post-thumbnail","","category-noticias-edulcorantes","category-cinta-de-noticias","category-arte-y-cultura","category-minuto-a-minuto","category-locales","category-ultimas-noticias"],"_links":{"self":[{"href":"https:\/\/archive.sana.sy\/es\/index.php?rest_route=\/wp\/v2\/posts\/314623"}],"collection":[{"href":"https:\/\/archive.sana.sy\/es\/index.php?rest_route=\/wp\/v2\/posts"}],"about":[{"href":"https:\/\/archive.sana.sy\/es\/index.php?rest_route=\/wp\/v2\/types\/post"}],"author":[{"embeddable":true,"href":"https:\/\/archive.sana.sy\/es\/index.php?rest_route=\/wp\/v2\/users\/32"}],"replies":[{"embeddable":true,"href":"https:\/\/archive.sana.sy\/es\/index.php?rest_route=%2Fwp%2Fv2%2Fcomments&post=314623"}],"version-history":[{"count":3,"href":"https:\/\/archive.sana.sy\/es\/index.php?rest_route=\/wp\/v2\/posts\/314623\/revisions"}],"predecessor-version":[{"id":314638,"href":"https:\/\/archive.sana.sy\/es\/index.php?rest_route=\/wp\/v2\/posts\/314623\/revisions\/314638"}],"wp:featuredmedia":[{"embeddable":true,"href":"https:\/\/archive.sana.sy\/es\/index.php?rest_route=\/wp\/v2\/media\/314624"}],"wp:attachment":[{"href":"https:\/\/archive.sana.sy\/es\/index.php?rest_route=%2Fwp%2Fv2%2Fmedia&parent=314623"}],"wp:term":[{"taxonomy":"category","embeddable":true,"href":"https:\/\/archive.sana.sy\/es\/index.php?rest_route=%2Fwp%2Fv2%2Fcategories&post=314623"},{"taxonomy":"post_tag","embeddable":true,"href":"https:\/\/archive.sana.sy\/es\/index.php?rest_route=%2Fwp%2Fv2%2Ftags&post=314623"}],"curies":[{"name":"wp","href":"https:\/\/api.w.org\/{rel}","templated":true}]}}