{"id":314661,"date":"2023-11-19T08:25:43","date_gmt":"2023-11-19T05:25:43","guid":{"rendered":"https:\/\/sana.sy\/es\/?p=314661"},"modified":"2023-11-19T08:25:43","modified_gmt":"2023-11-19T05:25:43","slug":"nuevo-ataque-con-dron-contra-la-base-estadounidense-de-tanef-en-siria","status":"publish","type":"post","link":"https:\/\/archive.sana.sy\/es\/?p=314661","title":{"rendered":"Nuevo ataque con dron contra la base estadounidense de Tanef en Siria"},"content":{"rendered":"<p style=\"text-align: justify;\"><strong><span style=\"color: #800000;\">Damasco, 19 nov (SANA)\u00a0<\/span><\/strong> \u00a0Las fuerzas de ocupaci\u00f3n estadounidenses presentes en la base de Tanef, en el este de Siria, fue atacada hoy con un dron.<\/p>\n<p style=\"text-align: justify;\">La Resistencia Iraqu\u00ed reivindic\u00f3 el ataque y afirm\u00f3 que el veh\u00edculo a\u00e9reo no tripulado alcanz\u00f3 su objetivo.<\/p>\n<p style=\"text-align: justify;\">Agreg\u00f3 que estos ataques fueron en respuesta a los cr\u00edmenes cometidos por el ocupante israel\u00ed contra los palestinos en Gaza.<\/p>\n<p style=\"text-align: justify;\">La v\u00edspera, un ataque similar con dos drones apunt\u00f3 contra las fuerzas de ocupaci\u00f3n estadounidenses presentes en la base de Tel Baidar, en la provincia siria de Hasakeh, a unos 700 kil\u00f3metros al nordeste de la capital Damasco.<\/p>\n<p style=\"text-align: justify;\">Washington mantiene una quincena de bases en territorio sirio sin el consentimiento del Gobierno de Damasco, ni la aprobaci\u00f3n de las Naciones Unidas.<\/p>\n<p style=\"text-align: justify;\">Siria denunci\u00f3 repetidamente esta presencia, la que calific\u00f3 de ocupaci\u00f3n, y asegur\u00f3 que la actuaci\u00f3n de los militares estadounidenses en el territorio nacional incentiva la actividad terrorista y apunta a desestabilizar el pa\u00eds y saquear sus riquezas.<\/p>\n<p style=\"text-align: justify;\">Los ataques contra esas bases aumentaron notablemente desde el comienzo de la agresi\u00f3n israel\u00ed contra la Franja de Gaza y causaron lesiones a al menos 45 militares estadounidenses.<\/p>\n<p style=\"text-align: justify;\">fm\/ws<\/p>\n","protected":false},"excerpt":{"rendered":"<p>Damasco, 19 nov (SANA)\u00a0 \u00a0Las fuerzas de ocupaci\u00f3n estadounidenses presentes en la base de Tanef, en el este de Siria, fue atacada hoy con un dron. La Resistencia Iraqu\u00ed reivindic\u00f3 el ataque y afirm\u00f3 que el veh\u00edculo a\u00e9reo no tripulado alcanz\u00f3 su objetivo. Agreg\u00f3 que estos ataques fueron en respuesta a los cr\u00edmenes cometidos por &hellip;<\/p>\n","protected":false},"author":35,"featured_media":314662,"comment_status":"closed","ping_status":"closed","sticky":false,"template":"","format":"standard","meta":{"footnotes":""},"categories":[477,447,597,20724,476,7541],"tags":[],"class_list":["post-314661","post","type-post","status-publish","format-standard","has-post-thumbnail","","category-noticias-edulcorantes","category-local-politica","category-cinta-de-noticias","category-minuto-a-minuto","category-locales","category-ultimas-noticias"],"_links":{"self":[{"href":"https:\/\/archive.sana.sy\/es\/index.php?rest_route=\/wp\/v2\/posts\/314661"}],"collection":[{"href":"https:\/\/archive.sana.sy\/es\/index.php?rest_route=\/wp\/v2\/posts"}],"about":[{"href":"https:\/\/archive.sana.sy\/es\/index.php?rest_route=\/wp\/v2\/types\/post"}],"author":[{"embeddable":true,"href":"https:\/\/archive.sana.sy\/es\/index.php?rest_route=\/wp\/v2\/users\/35"}],"replies":[{"embeddable":true,"href":"https:\/\/archive.sana.sy\/es\/index.php?rest_route=%2Fwp%2Fv2%2Fcomments&post=314661"}],"version-history":[{"count":1,"href":"https:\/\/archive.sana.sy\/es\/index.php?rest_route=\/wp\/v2\/posts\/314661\/revisions"}],"predecessor-version":[{"id":314663,"href":"https:\/\/archive.sana.sy\/es\/index.php?rest_route=\/wp\/v2\/posts\/314661\/revisions\/314663"}],"wp:featuredmedia":[{"embeddable":true,"href":"https:\/\/archive.sana.sy\/es\/index.php?rest_route=\/wp\/v2\/media\/314662"}],"wp:attachment":[{"href":"https:\/\/archive.sana.sy\/es\/index.php?rest_route=%2Fwp%2Fv2%2Fmedia&parent=314661"}],"wp:term":[{"taxonomy":"category","embeddable":true,"href":"https:\/\/archive.sana.sy\/es\/index.php?rest_route=%2Fwp%2Fv2%2Fcategories&post=314661"},{"taxonomy":"post_tag","embeddable":true,"href":"https:\/\/archive.sana.sy\/es\/index.php?rest_route=%2Fwp%2Fv2%2Ftags&post=314661"}],"curies":[{"name":"wp","href":"https:\/\/api.w.org\/{rel}","templated":true}]}}